{"id":1754,"date":"2026-08-12T07:59:09","date_gmt":"2026-08-12T02:29:09","guid":{"rendered":"https:\/\/indusherbal.com\/lang\/es\/blog\/la-edad-exacta-en-que-tu-cerebro-se-deteriora-mas-rapido-estas-mas-cerca-de-lo-que-crees\/"},"modified":"2026-08-12T07:59:09","modified_gmt":"2026-08-12T02:29:09","slug":"la-edad-exacta-en-que-tu-cerebro-se-deteriora-mas-rapido-estas-mas-cerca-de-lo-que-crees","status":"publish","type":"post","link":"https:\/\/indusherbal.com\/lang\/es\/blog\/la-edad-exacta-en-que-tu-cerebro-se-deteriora-mas-rapido-estas-mas-cerca-de-lo-que-crees\/","title":{"rendered":"La Edad Exacta en que tu Cerebro se Deteriora M\u00e1s R\u00e1pido \u2014 \u00bfEst\u00e1s M\u00e1s Cerca de lo que Crees?"},"content":{"rendered":"<p>\u00bfAlguna vez has olvidado d\u00f3nde dejaste las llaves y has sentido ese escalofr\u00edo de miedo? No te preocupes, no est\u00e1s solo. El <span style=\"color:#4CAF50; font-weight:bold; text-decoration:underline;\">deterioro cerebral<\/span> es una preocupaci\u00f3n universal, pero la ciencia tiene noticias que quiz\u00e1s no esperabas. La <span style=\"color:#2196F3; font-weight:bold; text-decoration:underline;\">edad del cerebro<\/span> no es un n\u00famero fijo, y la <span style=\"color:#FF9800; font-weight:bold; text-decoration:underline;\">salud cerebral<\/span> depende de m\u00e1s factores de los que imaginas. Hoy vamos a descubrir juntos <em>la edad exacta en que tu cerebro se deteriora m\u00e1s r\u00e1pido \u2014 \u00bfest\u00e1s m\u00e1s cerca de lo que crees?<\/em><\/p>\n<p>D\u00e9jame contarte algo que me sorprendi\u00f3. Hace poco le\u00ed un estudio que dec\u00eda que nuestro <span style=\"color:#9C27B0; font-weight:bold; text-decoration:underline;\">envejecimiento cerebral<\/span> no es lineal. No es como una pendiente suave que baja poco a poco. Es m\u00e1s como una monta\u00f1a rusa con ca\u00eddas bruscas en momentos espec\u00edficos. Y lo m\u00e1s loco es que esos momentos pueden llegar mucho antes de lo que piensas. Yo sol\u00eda creer que ten\u00eda todo el tiempo del mundo, pero la realidad es otra.<\/p>\n<p>Imagina que tu cerebro es como un auto de carreras. Durante a\u00f1os corre perfecto, pero de repente, sin aviso, empieza a fallar. Los cient\u00edficos han identificado ciertos puntos de inflexi\u00f3n donde el <span style=\"color:#4ECDC4; font-weight:bold; text-decoration:underline;\">declive cognitivo<\/span> se acelera. No es que te vuelvas &#8220;viejo&#8221; de golpe, sino que hay edades cr\u00edticas donde el motor pierde potencia. Y aqu\u00ed est\u00e1 el truco: muchos de nosotros ya pasamos por esa curva sin siquiera darnos cuenta.<\/p>\n<p>Pero espera, antes de que entres en p\u00e1nico, respira. Este no es un art\u00edculo para asustarte. Es todo lo contrario. Quiero que conozcas los datos para que puedas proteger tu <span style=\"color:#FF9F1C; font-weight:bold; text-decoration:underline;\">memoria y edad<\/span>. Porque cuando sabes cu\u00e1ndo viene la tormenta, puedes preparar el paraguas. Y cr\u00e9eme, hay mucho que puedes hacer para mantener tu mente afilada durante d\u00e9cadas.<\/p>\n<p>Lo m\u00e1s fascinante es que no todos los cerebros envejecen igual. He conocido a personas de 70 a\u00f1os con una claridad mental envidiable, y a otras de 40 que se sienten perdidas. La diferencia no est\u00e1 en los genes, sino en c\u00f3mo han tratado su <span style=\"color:#6A0572; font-weight:bold; text-decoration:underline;\">salud cerebral<\/span> a lo largo de los a\u00f1os. Es como una cuenta bancaria: si haces dep\u00f3sitos constantes, tendr\u00e1s un buen retiro. Si solo gastas, las deudas llegan r\u00e1pido.<\/p>\n<p>La ciencia ha identificado que el <span style=\"color:#4CAF50; font-weight:bold; text-decoration:underline;\">pico mental<\/span> de la mayor\u00eda de las personas ocurre alrededor de los 30 a\u00f1os. S\u00ed, le\u00edste bien. Despu\u00e9s de esa cima, las habilidades cognitivas comienzan a disminuir gradualmente. Pero no te enga\u00f1es con la palabra &#8220;gradualmente&#8221;. Hay estudios que muestran que ciertos procesos de <span style=\"color:#2196F3; font-weight:bold; text-decoration:underline;\">envejecimiento cerebral<\/span> se aceleran en momentos puntuales de la vida. Y uno de esos momentos es m\u00e1s cercano de lo que crees.<\/p>\n<p>Vamos a hablar de estad\u00edsticas que te van a sorprender. Un estudio de la Universidad de Harvard encontr\u00f3 que el <span style=\"color:#FF9800; font-weight:bold; text-decoration:underline;\">deterioro cerebral<\/span> anual puede acelerarse de forma significativa a partir de los 60 a\u00f1os. Pero aqu\u00ed viene la parte jugosa: otro an\u00e1lisis reciente sugiere que el verdadero punto de inflexi\u00f3n podr\u00eda estar alrededor de los 45 a\u00f1os. \u00a1Cuarenta y cinco! Esa es la edad donde muchas personas est\u00e1n en la cima de sus carreras, criando hijos y manejando mil responsabilidades. Y resulta que su cerebro est\u00e1 entrando en una fase cr\u00edtica.<\/p>\n<p>\u00bfRecuerdas esa sensaci\u00f3n de caminar a una habitaci\u00f3n y olvidar por qu\u00e9 entraste? Pues si tienes m\u00e1s de 40 a\u00f1os, no es que est\u00e9s volvi\u00e9ndote loco. Es que tu cerebro est\u00e1 atravesando un proceso natural de poda sin\u00e1ptica. Las conexiones que no usas se van eliminando para hacer espacio a las que s\u00ed utilizas. Es como limpiar tu armario: deshaces de lo que no te sirve. El problema es que si no has estado ejercitando tu mente, podr\u00edas estar perdiendo m\u00e1s de lo que ganas.<\/p>\n<p>Hablemos de los tres momentos cr\u00edticos que los neurocient\u00edficos han identificado en la vida adulta. Primero, alrededor de los 27 a\u00f1os, cuando el cerebro termina su desarrollo completo. Segundo, a mediados de los 40, cuando los niveles de mielina comienzan a fluctuar y la velocidad de procesamiento baja un poco. Y tercero, a mediados de los 60, cuando el volumen cerebral empieza a reducirse de forma m\u00e1s visible. Cada uno de estos momentos tiene sus propios desaf\u00edos y oportunidades.<\/p>\n<p>Ahora bien, \u00bfqu\u00e9 significa esto en la pr\u00e1ctica? Te voy a dar un ejemplo real. Conoc\u00ed a una clienta llamada Marta, de 48 a\u00f1os, que lleg\u00f3 a mi consulta porque sent\u00eda que &#8220;perd\u00eda la cabeza&#8221;. No recordaba nombres de clientes importantes y se sent\u00eda frustrada en las reuniones. Al principio pens\u00f3 que era estr\u00e9s, pero despu\u00e9s de entender el concepto de <span style=\"color:#4ECDC4; font-weight:bold; text-decoration:underline;\">declive cognitivo<\/span> asociado a la edad, comenz\u00f3 a cambiar sus h\u00e1bitos. Hoy, un a\u00f1o despu\u00e9s, me dice que su memoria est\u00e1 mejor que hace cinco a\u00f1os. \u00bfSu secreto? No fue magia, fue estrategia.<\/p>\n<p>Marta empez\u00f3 a hacer tres cosas simples pero poderosas. Primero, cambi\u00f3 su alimentaci\u00f3n incluyendo m\u00e1s antioxidantes y \u00e1cidos grasos omega-3. Segundo, comenz\u00f3 a aprender un nuevo idioma, lo cual es un gimnasio completo para el cerebro. Y tercero, se oblig\u00f3 a dormir al menos siete horas diarias. Estas no son soluciones m\u00e1gicas, pero la evidencia cient\u00edfica las respalda. De hecho, la <span style=\"color:#FF9F1C; font-weight:bold; text-decoration:underline;\">salud cerebral<\/span> est\u00e1 directamente ligada a la calidad del sue\u00f1o y la nutrici\u00f3n.<\/p>\n<p>Aqu\u00ed va una estad\u00edstica dura: seg\u00fan la Organizaci\u00f3n Mundial de la Salud, los casos de demencia se duplicar\u00e1n en los pr\u00f3ximos 20 a\u00f1os. Pero lo m\u00e1s alarmante es que el 40% de los casos de <span style=\"color:#6A0572; font-weight:bold; text-decoration:underline;\">declive cognitivo<\/span> podr\u00edan prevenirse o retrasarse con cambios en el estilo de vida. Eso significa que tienes m\u00e1s control del que piensas. No todo est\u00e1 escrito en tus genes. Tus decisiones diarias son un factor enorme.<\/p>\n<p>Piensa en tu cerebro como un m\u00fasculo m\u00e1s del cuerpo. No voy a decir que es exactamente igual, pero la analog\u00eda funciona. Si pasas a\u00f1os en el sof\u00e1, tus m\u00fasculos se atrofian. Si no desaf\u00edas tu mente, las conexiones neuronales se debilitan. As\u00ed de simple. El <span style=\"color:#4CAF50; font-weight:bold; text-decoration:underline;\">envejecimiento cerebral<\/span> es inevitable, pero el ritmo al que ocurre es negociable. T\u00fa tienes voz y voto en ese proceso.<\/p>\n<p>Hablemos de estrategias concretas. No quiero darte solo teor\u00eda, quiero que salgas de este art\u00edculo con herramientas pr\u00e1cticas. Primero, el ejercicio f\u00edsico es uno de los mejores potenciadores cognitivos. Un estudio de la Universidad de British Columbia encontr\u00f3 que el ejercicio aer\u00f3bico regular aumenta el tama\u00f1o del hipocampo, la zona del <span style=\"color:#2196F3; font-weight:bold; text-decoration:underline;\">memoria y edad<\/span> relacionada con la memoria verbal. No necesitas correr un marat\u00f3n; caminar 30 minutos al d\u00eda ya hace una diferencia notable.<\/p>\n<p>Segundo, aprende algo nuevo cada semana. No hablo de leer noticias sobre tus temas favoritos,<\/p>\n","protected":false},"excerpt":{"rendered":"<p>\u00bfAlguna vez has olvidado d\u00f3nde dejaste las llaves y has sentido ese escalofr\u00edo de miedo? No te preocupes, no est\u00e1s solo. El deterioro cerebral es&#8230;<\/p>\n","protected":false},"author":1,"featured_media":1753,"comment_status":"open","ping_status":"closed","sticky":false,"template":"","format":"standard","meta":{"footnotes":""},"categories":[],"tags":[],"class_list":["post-1754","post","type-post","status-publish","format-standard","has-post-thumbnail","hentry"],"amp_enabled":true,"_links":{"self":[{"href":"https:\/\/indusherbal.com\/lang\/es\/blog\/wp-json\/wp\/v2\/posts\/1754","targetHints":{"allow":["GET"]}}],"collection":[{"href":"https:\/\/indusherbal.com\/lang\/es\/blog\/wp-json\/wp\/v2\/posts"}],"about":[{"href":"https:\/\/indusherbal.com\/lang\/es\/blog\/wp-json\/wp\/v2\/types\/post"}],"author":[{"embeddable":true,"href":"https:\/\/indusherbal.com\/lang\/es\/blog\/wp-json\/wp\/v2\/users\/1"}],"replies":[{"embeddable":true,"href":"https:\/\/indusherbal.com\/lang\/es\/blog\/wp-json\/wp\/v2\/comments?post=1754"}],"version-history":[{"count":0,"href":"https:\/\/indusherbal.com\/lang\/es\/blog\/wp-json\/wp\/v2\/posts\/1754\/revisions"}],"wp:featuredmedia":[{"embeddable":true,"href":"https:\/\/indusherbal.com\/lang\/es\/blog\/wp-json\/wp\/v2\/media\/1753"}],"wp:attachment":[{"href":"https:\/\/indusherbal.com\/lang\/es\/blog\/wp-json\/wp\/v2\/media?parent=1754"}],"wp:term":[{"taxonomy":"category","embeddable":true,"href":"https:\/\/indusherbal.com\/lang\/es\/blog\/wp-json\/wp\/v2\/categories?post=1754"},{"taxonomy":"post_tag","embeddable":true,"href":"https:\/\/indusherbal.com\/lang\/es\/blog\/wp-json\/wp\/v2\/tags?post=1754"}],"curies":[{"name":"wp","href":"https:\/\/api.w.org\/{rel}","templated":true}]}}