{"id":1779,"date":"2026-08-03T16:59:11","date_gmt":"2026-08-03T11:29:11","guid":{"rendered":"https:\/\/indusherbal.com\/lang\/fr\/blog\/fatigue-ou-alerte-rouge-votre-sang-tire-la-sonnette-dalarme\/"},"modified":"2026-08-03T16:59:11","modified_gmt":"2026-08-03T11:29:11","slug":"fatigue-ou-alerte-rouge-votre-sang-tire-la-sonnette-dalarme","status":"publish","type":"post","link":"https:\/\/indusherbal.com\/lang\/fr\/blog\/fatigue-ou-alerte-rouge-votre-sang-tire-la-sonnette-dalarme\/","title":{"rendered":"Fatigue ou Alerte Rouge : Votre Sang Tire la Sonnette d\u2019Alarme"},"content":{"rendered":"<p>On se r\u00e9veille \u00e9puis\u00e9, m\u00eame apr\u00e8s huit heures de sommeil. On attrape le troisi\u00e8me caf\u00e9 de la matin\u00e9e, et pourtant, la fatigue nous colle \u00e0 la peau comme un vieux chewing-gum sous une semelle. Vous pensez que c\u2019est juste le stress ? D\u00e9trompez-vous. Ce que vous ressentez pourrait \u00eatre bien plus profond qu\u2019un simple manque d\u2019\u00e9nergie. On parle souvent de <span style=\"color:#4CAF50; font-weight:bold; text-decoration:underline;\">fatigue chronique<\/span> comme d\u2019un mal moderne, mais et si votre corps essayait de vous envoyer un message d\u2019alerte bien plus s\u00e9rieux ? Votre sang pourrait bien tirer la <span style=\"color:#2196F3; font-weight:bold; text-decoration:underline;\">sonnette d\u2019alarme<\/span> en ce moment m\u00eame. C\u2019est le genre de <span style=\"color:#FF9800; font-weight:bold; text-decoration:underline;\">crise sanguine silencieuse<\/span> qu\u2019on ignore trop souvent, jusqu\u2019\u00e0 ce qu\u2019il soit trop tard. Alors, <i>Fatigue ou Alerte Rouge : Votre Sang Tire la Sonnette d\u2019Alarme<\/i> ? On va creuser \u00e7a ensemble, sans tabou.<\/p>\n<p>Avant de continuer, laissez-moi vous raconter une petite histoire. L\u2019ann\u00e9e derni\u00e8re, j\u2019ai rencontr\u00e9 une copine \u2014 appelez-la Sophie \u2014 qui se plaignait de <span style=\"color:#9C27B0; font-weight:bold; text-decoration:underline;\">signes an\u00e9mie<\/span> depuis des mois. Elle pensait que c\u2019\u00e9tait juste la d\u00e9prime hivernale ou ses nuits trop courtes. Elle se tra\u00eenait, avait des envies bizarres de glace pil\u00e9e, et des palpitations. Bref, elle vivait avec un <span style=\"color:#4ECDC4; font-weight:bold; text-decoration:underline;\">manque de fer<\/span> s\u00e9v\u00e8re sans le savoir. Son m\u00e9decin, apr\u00e8s une prise de sang tardive, a d\u00e9couvert qu\u2019elle \u00e9tait au bord de la <span style=\"color:#6A0572; font-weight:bold; text-decoration:underline;\">sant\u00e9 du sang<\/span> compromise. Le gros probl\u00e8me ? Elle avait ignor\u00e9 les <span style=\"color:#FF9F1C; font-weight:bold; text-decoration:underline;\">sympt\u00f4mes invisibles<\/span> pendant des semaines. Et c\u2019est exactement le pi\u00e8ge dans lequel on tombe tous. On ne voit pas le sang. On ne le sent pas. Mais lui, il nous voit. Et il n\u2019h\u00e9site pas \u00e0 tirer la sonnette d\u2019alarme\u2026 si on sait l\u2019\u00e9couter.<\/p>\n<p>Mais attendons une seconde. Pourquoi cette m\u00e9connaissance ? Pourquoi est-ce qu\u2019on associe la <span style=\"color:#4CAF50; font-weight:bold; text-decoration:underline;\">fatigue chronique<\/span> \u00e0 un mode de vie charg\u00e9 plut\u00f4t qu\u2019\u00e0 un vrai probl\u00e8me m\u00e9dical ? Parce que notre soci\u00e9t\u00e9 glorifie le surmenage. On pense que se sentir \u00e9puis\u00e9 est normal. D\u2019ailleurs, selon l\u2019OMS, pr\u00e8s de 30% de la population mondiale souffre d\u2019an\u00e9mie, et la carence en fer est la carence nutritionnelle la plus r\u00e9pandue sur la plan\u00e8te. Pourtant, on continue \u00e0 sourire, \u00e0 dire &#8220;\u00e7a va&#8221;, pendant que notre sang s\u2019appauvrit. C\u2019est presque ironique, non ? On passe plus de temps sur notre t\u00e9l\u00e9phone que sur nos bilans sanguins. Mais ne vous inqui\u00e9tez pas, on va d\u00e9m\u00ealer tout \u00e7a.<\/p>\n<p>Le vrai game changer, c\u2019est de conna\u00eetre la diff\u00e9rence entre \u00eatre fatigu\u00e9 et \u00eatre <em>\u00e0 plat<\/em>. La fatigue normale, elle s\u2019estompe apr\u00e8s un week-end tranquille ou une bonne nuit. Mais la <span style=\"color:#2196F3; font-weight:bold; text-decoration:underline;\">crise sanguine silencieuse<\/span>, elle, elle ne pardonne pas. Elle s\u2019installe, elle ronge votre \u00e9nergie, votre concentration, et m\u00eame votre humeur. Imaginez que votre sang est un fleuve qui transporte l\u2019oxyg\u00e8ne. S\u2019il n\u2019y a pas assez de globules rouges ou d\u2019h\u00e9moglobine, c\u2019est comme un barrage qui emp\u00eache l\u2019eau d\u2019atteindre les champs. Les champs, c\u2019est vous. Ils se dess\u00e8chent. Vous vous sentez faible, essouffl\u00e9, m\u00eame en montant un \u00e9tage. C\u2019est votre <span style=\"color:#FF9800; font-weight:bold; text-decoration:underline;\">sant\u00e9 du sang<\/span> qui est en jeu, et ce n\u2019est pas un simple coup de mou. C\u2019est un message cod\u00e9 que seuls les plus attentifs arrivent \u00e0 d\u00e9crypter.<\/p>\n<p><img data-lazyloaded=\"1\" decoding=\"async\" loading=\"lazy\" style=\"display:block; margin:auto;\" src=\"https:\/\/images.pexels.com\/photos\/8862297\/pexels-photo-8862297.jpeg?auto=compress&#038;cs=tinysrgb&#038;h=650&#038;w=940\" loading=\"lazy\" alt=\"Visualisation des signes an\u00e9mie et fatigue chronique dans un test sanguin\" title=\"\"><\/p>\n<p>Maintenant, parlons cash. Qui est concern\u00e9 par cette <span style=\"color:#9C27B0; font-weight:bold; text-decoration:underline;\">alerte rouge sang<\/span> ? J\u2019aimerais vous dire que c\u2019est rare, mais ce serait un mensonge. Les femmes en \u00e2ge de procr\u00e9er sont en premi\u00e8re ligne \u2014 \u00e0 cause des r\u00e8gles, \u00e9videmment. Une femme perd en moyenne 30 \u00e0 40 ml de sang par cycle. Quand on l\u2019additionne sur des ann\u00e9es, \u00e7a fait un sacr\u00e9 d\u00e9ficit en fer. Vous imaginez ? C\u2019est comme essayer de remplir une baignoire avec une fuite. Impossible \u00e0 \u00e9quilibrer. Ensuite, on a les v\u00e9g\u00e9tariens et vegans. Le fer v\u00e9g\u00e9tal (non-h\u00e9minique) est moins bien absorb\u00e9 par le corps. D\u2019ailleurs, saviez-vous que le fer provenant de la viande rouge est absorb\u00e9 \u00e0 25%, contre seulement 5 \u00e0 10% pour le fer des \u00e9pinards ou des lentilles ? C\u2019est un pi\u00e8ge. On se croit en bonne sant\u00e9, on mange &#8220;bien&#8221;, mais notre <span style=\"color:#4ECDC4; font-weight:bold; text-decoration:underline;\">carence en fer<\/span> s\u2019installe sournoisement.<\/p>\n<p>Il y a aussi les sportifs. Oui, vous les athl\u00e8tes du dimanche ! L\u2019effort intense d\u00e9truit les globules rouges (c\u2019est ce qu\u2019on appelle l\u2019h\u00e9molyse) et la sueur fait fuir le fer. Alors, vous transpirez, vous \u00eates fier de votre s\u00e9ance, mais votre corps, lui, pleure. Et les personnes \u00e2g\u00e9es ? Elles sont souvent carenc\u00e9es \u00e0 cause d\u2019une absorption digestive r\u00e9duite. Bref, personne n\u2019est \u00e0 l\u2019abri. Mais ce qui est plus effrayant, c\u2019est que les <span style=\"color:#FF9F1C; font-weight:bold; text-decoration:underline;\">sympt\u00f4mes invisibles<\/span> peuvent \u00eatre tellement subtils qu\u2019on les confond avec autre chose. Ce n\u2019est qu\u2019en voyant ses ongles cassants, sa peau p\u00e2le comme un linge, ou en ayant une sensation de jambes lourdes la nuit qu\u2019on commence \u00e0 suspecter quelque chose. Et encore\u2026 parfois, on met \u00e7a sur le compte du stress. Qui a dit que le diagnostic \u00e9tait simple ? Il faut \u00eatre un d\u00e9tective de soi-m\u00eame.<\/p>\n<p>Sachez que les signes d\u2019une <span style=\"color:#6A0572; font-weight:bold; text-decoration:underline;\">fatigue chronique<\/span> li\u00e9e au sang ne sont pas uniquement physiques. Il y a un aspect mental tr\u00e8s fort. La concentration devient difficile. Vous relisez trois fois la m\u00eame phrase d\u2019un livre ou d\u2019un email sans rien comprendre. Vous \u00eates irritable, sans raison. C\u2019est votre cerveau qui manque d\u2019oxyg\u00e8ne. Un cerveau affam\u00e9, c\u2019est un cerveau qui s\u2019embrouille. Une \u00e9tude de l\u2019Universit\u00e9 de Harvard a montr\u00e9 que la carence en fer alt\u00e8re les fonctions cognitives chez l\u2019adulte, et augmente m\u00eame le risque de d\u00e9pression. Alors oui, si vous ressentez un brouillard mental \u00e9pais, ne le balayez pas d\u2019un revers de main. C\u2019est un <span style=\"color:#4CAF50; font-weight:bold; text-decoration:underline;\">sympt\u00f4me invisible<\/span> qui a une vraie origine biologique.<\/p>\n<p><img data-lazyloaded=\"1\" decoding=\"async\" loading=\"lazy\" style=\"display:block; margin:auto;\" src=\"https:\/\/images.pexels\n<\/p>\n","protected":false},"excerpt":{"rendered":"<p>On se r\u00e9veille \u00e9puis\u00e9, m\u00eame apr\u00e8s huit heures de sommeil. On attrape le troisi\u00e8me caf\u00e9 de la matin\u00e9e, et pourtant, la fatigue nous colle \u00e0&#8230;<\/p>\n","protected":false},"author":1,"featured_media":1778,"comment_status":"open","ping_status":"closed","sticky":false,"template":"","format":"standard","meta":{"footnotes":""},"categories":[],"tags":[],"class_list":["post-1779","post","type-post","status-publish","format-standard","has-post-thumbnail","hentry"],"amp_enabled":true,"_links":{"self":[{"href":"https:\/\/indusherbal.com\/lang\/fr\/blog\/wp-json\/wp\/v2\/posts\/1779","targetHints":{"allow":["GET"]}}],"collection":[{"href":"https:\/\/indusherbal.com\/lang\/fr\/blog\/wp-json\/wp\/v2\/posts"}],"about":[{"href":"https:\/\/indusherbal.com\/lang\/fr\/blog\/wp-json\/wp\/v2\/types\/post"}],"author":[{"embeddable":true,"href":"https:\/\/indusherbal.com\/lang\/fr\/blog\/wp-json\/wp\/v2\/users\/1"}],"replies":[{"embeddable":true,"href":"https:\/\/indusherbal.com\/lang\/fr\/blog\/wp-json\/wp\/v2\/comments?post=1779"}],"version-history":[{"count":0,"href":"https:\/\/indusherbal.com\/lang\/fr\/blog\/wp-json\/wp\/v2\/posts\/1779\/revisions"}],"wp:featuredmedia":[{"embeddable":true,"href":"https:\/\/indusherbal.com\/lang\/fr\/blog\/wp-json\/wp\/v2\/media\/1778"}],"wp:attachment":[{"href":"https:\/\/indusherbal.com\/lang\/fr\/blog\/wp-json\/wp\/v2\/media?parent=1779"}],"wp:term":[{"taxonomy":"category","embeddable":true,"href":"https:\/\/indusherbal.com\/lang\/fr\/blog\/wp-json\/wp\/v2\/categories?post=1779"},{"taxonomy":"post_tag","embeddable":true,"href":"https:\/\/indusherbal.com\/lang\/fr\/blog\/wp-json\/wp\/v2\/tags?post=1779"}],"curies":[{"name":"wp","href":"https:\/\/api.w.org\/{rel}","templated":true}]}}