{"id":1349,"date":"2025-09-26T21:55:18","date_gmt":"2025-09-26T16:25:18","guid":{"rendered":"https:\/\/indusherbal.com\/lang\/pt\/blog\/uma-jornada-de-cura-e-crescimento\/"},"modified":"2025-09-26T21:55:18","modified_gmt":"2025-09-26T16:25:18","slug":"uma-jornada-de-cura-e-crescimento","status":"publish","type":"post","link":"https:\/\/indusherbal.com\/lang\/pt\/blog\/uma-jornada-de-cura-e-crescimento\/","title":{"rendered":"Uma Jornada de Cura e Crescimento"},"content":{"rendered":"<p>J\u00e1 parou para pensar que a sua maior dor pode ser o come\u00e7o da sua maior transforma\u00e7\u00e3o? A <span style=\"color:#2196F3; font-weight:bold; text-decoration:underline;\">cura emocional<\/span> n\u00e3o \u00e9 uma linha reta. \u00c9 uma espiral. \u00c0s vezes, voc\u00ea sente que est\u00e1 voltando ao ponto zero. Mas na verdade, est\u00e1 se aproximando do centro de uma nova forma de ser. Esta \u00e9 a ess\u00eancia de uma <span style=\"color:#FF9800; font-weight:bold; text-decoration:underline;\">jornada de cura<\/span> e crescimento. Uma verdadeira <span style=\"color:#9C27B0; font-weight:bold; text-decoration:underline;\">transforma\u00e7\u00e3o pessoal<\/span> come\u00e7a quando paramos de fugir do que machuca.<\/p>\n<p>Vamos ser sinceros? A gente vive numa correria danada. \u00c9 trabalho, contas, obriga\u00e7\u00f5es&#8230; e no meio disso tudo, esquecemos de olhar para dentro. O <span style=\"color:#4CAF50; font-weight:bold; text-decoration:underline;\">autoconhecimento<\/span> fica em \u00faltimo lugar. Mas e se eu te disser que dedicar apenas 5 minutos por dia a si mesmo pode mudar tudo? \u00c9 sobre isso que vamos falar.<\/p>\n<p>Eu j\u00e1 estive l\u00e1. Sentindo que carregava um peso que n\u00e3o era meu. Achando que ser forte significava n\u00e3o sentir. At\u00e9 que um dia, a conta veio. E a\u00ed n\u00e3o teve mais jeito: era preciso encarar a bagun\u00e7a interna. Foi assustador, mas foi o melhor presente que j\u00e1 me dei.<\/p>\n<p><img data-lazyloaded=\"1\" decoding=\"async\" loading=\"lazy\" style=\"display:block; margin:auto;\" src=\"https:\/\/images.pexels.com\/photos\/6188038\/pexels-photo-6188038.jpeg?auto=compress&#038;cs=tinysrgb&#038;h=650&#038;w=940\" loading=\"lazy\" alt=\"Mulher em momento de reflex\u00e3o para autoconhecimento e bem-estar mental\" title=\"\"><\/p>\n<h2>O Primeiro Passo: Reconhecer a Ferida<\/h2>\n<p>Nenhuma <span style=\"color:#4ECDC4; font-weight:bold; text-decoration:underline;\">cura emocional<\/span> come\u00e7a sem que a gente admita que est\u00e1 machucado. Parece \u00f3bvio, mas \u00e9 o passo mais dif\u00edcil. A gente tem medo de parecer fraco. Medo do que vai encontrar. Mas \u00e9 como limpar um arm\u00e1rio cheio de tralha: voc\u00ea precisa tirar tudo, olhar para a bagun\u00e7a, para ent\u00e3o organizar.<\/p>\n<p>Um estudo da Organiza\u00e7\u00e3o Mundial da Sa\u00fade mostrou que o Brasil \u00e9 o pa\u00eds mais ansioso do mundo. E o segundo nas Am\u00e9ricas em casos de depress\u00e3o. Esses n\u00fameros gritam uma verdade: estamos negando nossa dor coletiva e individual. Reconhecer que n\u00e3o est\u00e1 tudo bem \u00e9 um ato de coragem. \u00c9 o primeiro suspiro de al\u00edvio.<\/p>\n<p><img data-lazyloaded=\"1\" decoding=\"async\" loading=\"lazy\" style=\"display:block; margin:auto;\" src=\"https:\/\/images.pexels.com\/photos\/6944762\/pexels-photo-6944762.jpeg?auto=compress&#038;cs=tinysrgb&#038;h=650&#038;w=940\" loading=\"lazy\" alt=\"Pessoa escrevendo em um di\u00e1rio como parte do processo de desenvolvimento pessoal\" title=\"\"><\/p>\n<h3>Ferramentas Simples para Come\u00e7ar Hoje<\/h3>\n<p>Voc\u00ea n\u00e3o precisa fazer uma viagem para o Tibet nem gastar rios de dinheiro. O <span style=\"color:#6A0572; font-weight:bold; text-decoration:underline;\">desenvolvimento pessoal<\/span> acontece nos pequenos gestos do dia a dia.<\/p>\n<ul>\n<li><b>Di\u00e1rio das Emo\u00e7\u00f5es:<\/b> Pegue um caderno. Todo dia, antes de dormir, escreva tr\u00eas coisas que sentiu. Raiva, alegria, frustra\u00e7\u00e3o, medo. N\u00e3o julgue, apenas registre. Em uma semana, voc\u00ea vai se surpreender com os padr\u00f5es que aparecem.<\/li>\n<li><b>Respira\u00e7\u00e3o Consciente:<\/b> Pare tudo por 2 minutos. Inspire contando at\u00e9 4. Segure a respira\u00e7\u00e3o por 4. Expire contando at\u00e9 6. Isso acalma o sistema nervoso na hora. \u00c9 m\u00e1gico.<\/li>\n<li><b>Questionar as Cren\u00e7as:<\/b> Quando pensar &#8220;eu n\u00e3o consigo&#8221;, pergunte-se: &#8220;Isso \u00e9 realmente verdade? Ou \u00e9 um medo me parando?&#8221;. A maioria das nossas limita\u00e7\u00f5es s\u00e3o inven\u00e7\u00f5es da nossa mente.<\/li>\n<\/ul>\n<p>Lembro de uma cliente que achava que n\u00e3o era &#8220;boa o suficiente&#8221; para ser promovida. Ela descobriu que essa cren\u00e7a vinha de uma professora do prim\u00e1rio. Quando ela entendeu a origem, a cren\u00e7a perdeu a for\u00e7a. Hoje, ela \u00e9 l\u00edder de uma grande equipe. \ud83d\udd25<\/p>\n<h2>O Crescimento que Vem da Aceita\u00e7\u00e3o<\/h2>\n<p>Aqui est\u00e1 o pulo do gato: o <span style=\"color:#FF9F1C; font-weight:bold; text-decoration:underline;\">crescimento pessoal<\/span> n\u00e3o vem de virar uma pessoa nova. Vem de abra\u00e7ar quem voc\u00ea j\u00e1 \u00e9, com todas as imperfei\u00e7\u00f5es. \u00c9 sobre trocar a guerra interna por uma conversa gentil.<\/p>\n<p>Pense numa \u00e1rvore. Ela n\u00e3o fica brigando porque suas folhas s\u00e3o verdes e n\u00e3o azuis. Ela simplesmente cresce, com as ferramentas que tem. Com a gente deveria ser assim. A aceita\u00e7\u00e3o n\u00e3o \u00e9 resigna\u00e7\u00e3o. \u00c9 perceber que voc\u00ea \u00e9 o terreno perfeito para o seu pr\u00f3prio <span style=\"color:#4CAF50; font-weight:bold; text-decoration:underline;\">crescimento pessoal<\/span>.<\/p>\n<p><img data-lazyloaded=\"1\" decoding=\"async\" loading=\"lazy\" style=\"display:block; margin:auto;\" src=\"https:\/\/images.pexels.com\/photos\/6944346\/pexels-photo-6944346.jpeg?auto=compress&#038;cs=tinysrgb&#038;h=650&#038;w=940\" loading=\"lazy\" alt=\"Conceito de jornada de cura e transforma\u00e7\u00e3o pessoal representado por uma estrada\" title=\"\"><\/p>\n<h3>Os Sinais de que Voc\u00ea Est\u00e1 no Caminho<\/h3>\n<p>Como saber se voc\u00ea est\u00e1 realmente evoluindo? Alguns sinais discretos mostram que a <span style=\"color:#2196F3; font-weight:bold; text-decoration:underline;\">transforma\u00e7\u00e3o pessoal<\/span> est\u00e1 acontecendo:<\/p>\n<ul>\n<li>Voc\u00ea para de se criticar por errar. Em vez disso, pergunta: &#8220;O que posso aprender com isso?&#8221;.<\/li>\n<li>Situa\u00e7\u00f5es que antes te tiravam do s\u00e9rio agora s\u00e3o encaradas com mais calma. Voc\u00ea responde, n\u00e3o reage.<\/li>\n<li>Voc\u00ea sente mais compaix\u00e3o por si mesmo e pelos outros. Percebe que todo mundo est\u00e1 lutando uma batalha.<\/li>\n<li>O <span style=\"color:#9C27B0; font-weight:bold; text-decoration:underline;\">bem-estar mental<\/span> deixa de ser um conceito distante e vira uma pr\u00e1tica di\u00e1ria.<\/li>\n<\/ul>\n<p>N\u00e3o \u00e9 sobre ser perfeito. \u00c9 sobre ser mais consciente. Mais presente. Mais voc\u00ea.<\/p>\n<h2>E Agora? A Jornada Continua<\/h2>\n<p>A verdade \u00e9 que essa <span style=\"color:#4ECDC4; font-weight:bold; text-decoration:underline;\">jornada de cura<\/span> n\u00e3o tem um ponto final. E t\u00e1 tudo bem! A vida \u00e9 um processo cont\u00ednuo de aprender e reaprender. O importante \u00e9 n\u00e3o desistir de si mesmo.<\/p>\n<p>Qual foi o momento mais marcante da sua pr\u00f3pria jornada? Que tal compartilhar nos coment\u00e1rios? Sua experi\u00eancia pode ser a luz que ajuda algu\u00e9m a dar o primeiro passo. Vamos criar uma corrente de apoio? Voc\u00ea n\u00e3o est\u00e1 sozinho nisso. \ud83d\ude09<\/p>\n","protected":false},"excerpt":{"rendered":"<p>J\u00e1 parou para pensar que a sua maior dor pode ser o come\u00e7o da sua maior transforma\u00e7\u00e3o? A cura emocional n\u00e3o \u00e9 uma linha reta&#8230;.<\/p>\n","protected":false},"author":1,"featured_media":1348,"comment_status":"open","ping_status":"closed","sticky":false,"template":"","format":"standard","meta":{"footnotes":""},"categories":[],"tags":[],"class_list":["post-1349","post","type-post","status-publish","format-standard","has-post-thumbnail","hentry"],"amp_enabled":true,"_links":{"self":[{"href":"https:\/\/indusherbal.com\/lang\/pt\/blog\/wp-json\/wp\/v2\/posts\/1349","targetHints":{"allow":["GET"]}}],"collection":[{"href":"https:\/\/indusherbal.com\/lang\/pt\/blog\/wp-json\/wp\/v2\/posts"}],"about":[{"href":"https:\/\/indusherbal.com\/lang\/pt\/blog\/wp-json\/wp\/v2\/types\/post"}],"author":[{"embeddable":true,"href":"https:\/\/indusherbal.com\/lang\/pt\/blog\/wp-json\/wp\/v2\/users\/1"}],"replies":[{"embeddable":true,"href":"https:\/\/indusherbal.com\/lang\/pt\/blog\/wp-json\/wp\/v2\/comments?post=1349"}],"version-history":[{"count":0,"href":"https:\/\/indusherbal.com\/lang\/pt\/blog\/wp-json\/wp\/v2\/posts\/1349\/revisions"}],"wp:featuredmedia":[{"embeddable":true,"href":"https:\/\/indusherbal.com\/lang\/pt\/blog\/wp-json\/wp\/v2\/media\/1348"}],"wp:attachment":[{"href":"https:\/\/indusherbal.com\/lang\/pt\/blog\/wp-json\/wp\/v2\/media?parent=1349"}],"wp:term":[{"taxonomy":"category","embeddable":true,"href":"https:\/\/indusherbal.com\/lang\/pt\/blog\/wp-json\/wp\/v2\/categories?post=1349"},{"taxonomy":"post_tag","embeddable":true,"href":"https:\/\/indusherbal.com\/lang\/pt\/blog\/wp-json\/wp\/v2\/tags?post=1349"}],"curies":[{"name":"wp","href":"https:\/\/api.w.org\/{rel}","templated":true}]}}