{"id":1355,"date":"2025-09-30T05:55:18","date_gmt":"2025-09-30T00:25:18","guid":{"rendered":"https:\/\/indusherbal.com\/lang\/pt\/blog\/a-arte-na-minha-jornada\/"},"modified":"2025-09-30T05:55:18","modified_gmt":"2025-09-30T00:25:18","slug":"a-arte-na-minha-jornada","status":"publish","type":"post","link":"https:\/\/indusherbal.com\/lang\/pt\/blog\/a-arte-na-minha-jornada\/","title":{"rendered":"A Arte na Minha Jornada"},"content":{"rendered":"<p>Lembra daquela sensa\u00e7\u00e3o de crian\u00e7a, com um l\u00e1pis de cor na m\u00e3o e um mundo inteiro para criar? Para mim, a <span style=\"color:#2196F3; font-weight:bold; text-decoration:underline;\">arte<\/span> sempre foi mais do que um hobby. Era uma linguagem. Uma forma de me entender e de entender o mundo ao meu redor. Minha <span style=\"color:#FF9800; font-weight:bold; text-decoration:underline;\">jornada pessoal<\/span> foi profundamente moldada por essa busca por <span style=\"color:#9C27B0; font-weight:bold; text-decoration:underline;\">express\u00e3o art\u00edstica<\/span>. E \u00e9 sobre isso que quero falar hoje: sobre o papel fundamental que a <span style=\"color:#4CAF50; font-weight:bold; text-decoration:underline;\">criatividade<\/span> desempenhou na minha vida. Vamos mergulhar juntos nessa reflex\u00e3o sobre A <span style=\"color:#6A0572; font-weight:bold; text-decoration:underline;\">Arte na Minha Jornada<\/span>.<\/p>\n<p>Honestamente, nem sempre foi sobre criar obras-primas. Muitas vezes, era s\u00f3 um rabisco no canto do caderno. Um escape. Um jeito de processar sentimentos que eu nem sabia nomear. A arte se tornou meu confidente mais silencioso e, ao mesmo tempo, minha voz mais alta.<\/p>\n<p>Um estudo da Universidade da Pensilv\u00e2nia, por exemplo, mostrou que atividades art\u00edsticas podem reduzir o cortisol, o horm\u00f4nio do estresse, em at\u00e9 75%. Isso faz todo sentido pra mim. Nos meus dias mais cinzas, pegar um pincel era como tomar um rem\u00e9dio. A tinta na tela era a materializa\u00e7\u00e3o da minha bagun\u00e7a interna, e ao organiz\u00e1-la, eu me organizava tamb\u00e9m.<\/p>\n<p><img data-lazyloaded=\"1\" decoding=\"async\" loading=\"lazy\" style=\"display:block; margin:auto;\" src=\"https:\/\/images.pexels.com\/photos\/6932055\/pexels-photo-6932055.jpeg?auto=compress&#038;cs=tinysrgb&#038;h=650&#038;w=940\" loading=\"lazy\" alt=\"Mulher refletindo sobre seu processo criativo com um caderno de esbo\u00e7os\" title=\"\"><\/p>\n<h2>O Despertar: Quando a Arte Virou uma Necessidade<\/h2>\n<p>Eu era aquela adolescente quietinha. Tinha um milh\u00e3o de pensamentos na cabe\u00e7a, mas poucas palavras para express\u00e1-los. Foi a\u00ed que a <span style=\"color:#4ECDC4; font-weight:bold; text-decoration:underline;\">express\u00e3o art\u00edstica<\/span> entrou de vez. Comecei a preencher di\u00e1rios visuais. N\u00e3o eram di\u00e1rios de escrita, mas de colagem, desenho e manchas de cor. Foi meu primeiro contato real com o <span style=\"color:#FF9F1C; font-weight:bold; text-decoration:underline;\">processo criativo<\/span> como ferramenta de <span style=\"color:#9C27B0; font-weight:bold; text-decoration:underline;\">autoconhecimento<\/span>.<\/p>\n<p>Pense no seu celular quando a mem\u00f3ria est\u00e1 cheia. Ele come\u00e7a a travar, certo? Minha mente era assim. A arte era o bot\u00e3o de &#8220;limpar cache&#8221;. Me permitia esvaziar tudo aquilo que n\u00e3o cabia mais dentro de mim. Foi libertador.<\/p>\n<p><img data-lazyloaded=\"1\" decoding=\"async\" loading=\"lazy\" style=\"display:block; margin:auto;\" src=\"https:\/\/images.pexels.com\/photos\/6932089\/pexels-photo-6932089.jpeg?auto=compress&#038;cs=tinysrgb&#038;h=650&#038;w=940\" loading=\"lazy\" alt=\"Exemplo de um di\u00e1rio visual aberto mostrando diversas t\u00e9cnicas de express\u00e3o art\u00edstica\" title=\"\"><\/p>\n<h2>Os Pilares da Minha Jornada Criativa<\/h2>\n<p>Com o tempo, percebi que minha rela\u00e7\u00e3o com a arte se sustentava em alguns pilares. N\u00e3o eram regras, mas sim dire\u00e7\u00f5es que minha <span style=\"color:#2196F3; font-weight:bold; text-decoration:underline;\">jornada pessoal<\/span> foi me mostrando.<\/p>\n<h3>1. O Processo \u00e9 Mais Importante que o Produto<\/h3>\n<p>Eu sofri muito com a press\u00e3o de criar algo &#8220;bonito&#8221;. At\u00e9 que entendi: a magia n\u00e3o est\u00e1 na pintura finalizada na parede. Est\u00e1 na sujeira nas m\u00e3os, na m\u00fasica tocando no fundo, naquele momento de fluxo em que voc\u00ea esquece o mundo. O produto \u00e9 s\u00f3 a consequ\u00eancia.<\/p>\n<h3>2. A Inspira\u00e7\u00e3o Mora na Rotina (e n\u00e3o num raio divino)<\/h3>\n<p>Ficamos esperando a <span style=\"color:#6A0572; font-weight:bold; text-decoration:underline;\">inspira\u00e7\u00e3o<\/span> chegar como um evento grandioso. Mas ela \u00e9 mais sutil. Est\u00e1 no padr\u00e3o da chuva no vidro, na textura do p\u00e3o torrado, na conversa de duas pessoas no \u00f4nibus. Um exerc\u00edcio que mudou minha vida foi o &#8220;roubo criativo&#8221;: coletar pequenas coisas do dia a dia que me chamavam a aten\u00e7\u00e3o.<\/p>\n<ul>\n<li><b>Uma cor<\/b> que vi em um outdoor.<\/li>\n<li><b>Uma frase<\/b> solta de um livro.<\/li>\n<li><b>Uma textura<\/b> de uma parede antiga.<\/li>\n<\/ul>\n<p>Juntava tudo num caderno. Minha fonte de <span style=\"color:#FF9800; font-weight:bold; text-decoration:underline;\">inspira\u00e7\u00e3o<\/span> se tornou inesgot\u00e1vel.<\/p>\n<h3>3. A Arte \u00e9 uma Conversa, N\u00e3o um Mon\u00f3logo<\/h3>\n<p>Criar \u00e9 s\u00f3 metade do caminho. A outra metade \u00e9 compartilhar. Mostrar seu trabalho, mesmo com medo, \u00e9 um ato de coragem que abre portas para conex\u00f5es incr\u00edveis. \u00c9 assim que voc\u00ea encontra sua tribo.<\/p>\n<p><img data-lazyloaded=\"1\" decoding=\"async\" loading=\"lazy\" style=\"display:block; margin:auto;\" src=\"https:\/\/images.pexels.com\/photos\/8460589\/pexels-photo-8460589.jpeg?auto=compress&#038;cs=tinysrgb&#038;h=650&#038;w=940\" loading=\"lazy\" alt=\"M\u00e3os segurando uma x\u00edcara de caf\u00e9 e um livro, representando um momento de inspira\u00e7\u00e3o e pausa criativa\" title=\"\"><\/p>\n<h2>E Quando a Criatividade Some?<\/h2>\n<p>Todo mundo passa por isso. O famoso bloqueio criativo. J\u00e1 fiquei dias, at\u00e9 semanas, olhando para uma tela em branco. Aprendi que for\u00e7ar n\u00e3o adianta. A <span style=\"color:#4CAF50; font-weight:bold; text-decoration:underline;\">criatividade<\/span> \u00e9 como um gato: se voc\u00ea correr atr\u00e1s, ela foge; se voc\u00ea se sentar calmamente, ela vem esfregar no seu p\u00e9.<\/p>\n<p>Minhas t\u00e1ticas para esses momentos?<\/p>\n<ul>\n<li><b>Mudar de ambiente:<\/b> Um caf\u00e9 novo, um parque, uma loja de discos. Qualquer coisa para sacudir os sentidos.<\/li>\n<li><b>Fazer algo sem import\u00e2ncia:<\/b> Rabiscar sem compromisso. Fazer uma colagem feia de prop\u00f3sito. Tirar a press\u00e3o de &#8220;precisar ser bom&#8221;.<\/li>\n<li><b>Consumir outras formas de arte:<\/b> Ver um filme mudo, ouvir um \u00e1lbum conceitual, visitar uma exposi\u00e7\u00e3o de um estilo que n\u00e3o \u00e9 o meu. A <span style=\"color:#9C27B0; font-weight:bold; text-decoration:underline;\">inspira\u00e7\u00e3o<\/span> muitas vezes vem de onde a gente menos espera.<\/li>\n<\/ul>\n<h2>O Que a Arte Realmente Me Ensinou<\/h2>\n<p>No fim das contas, a maior li\u00e7\u00e3o n\u00e3o foi sobre t\u00e9cnicas ou teorias. Foi sobre a vida. A arte me ensinou a abra\u00e7ar a imperfei\u00e7\u00e3o. A aceitar que nem tudo sai como planejado, e que \u00e0s vezes \u00e9 a\u00ed que mora a beleza. Meu <span style=\"color:#4ECDC4; font-weight:bold; text-decoration:underline;\">processo criativo<\/span> se tornou um espelho do meu <span style=\"color:#FF9F1C; font-weight:bold; text-decoration:underline;\">autoconhecimento<\/span>. A cada nova fase, uma nova forma de criar surgia. Era como se eu estivesse me redesenhando junto com meus trabalhos.<\/p>\n<p>E a\u00ed, se identifica? A <span style=\"color:#2196F3; font-weight:bold; text-decoration:underline;\">arte<\/span><\/p>\n","protected":false},"excerpt":{"rendered":"<p>Lembra daquela sensa\u00e7\u00e3o de crian\u00e7a, com um l\u00e1pis de cor na m\u00e3o e um mundo inteiro para criar? Para mim, a arte sempre foi mais&#8230;<\/p>\n","protected":false},"author":1,"featured_media":1354,"comment_status":"open","ping_status":"closed","sticky":false,"template":"","format":"standard","meta":{"footnotes":""},"categories":[],"tags":[],"class_list":["post-1355","post","type-post","status-publish","format-standard","has-post-thumbnail","hentry"],"amp_enabled":true,"_links":{"self":[{"href":"https:\/\/indusherbal.com\/lang\/pt\/blog\/wp-json\/wp\/v2\/posts\/1355","targetHints":{"allow":["GET"]}}],"collection":[{"href":"https:\/\/indusherbal.com\/lang\/pt\/blog\/wp-json\/wp\/v2\/posts"}],"about":[{"href":"https:\/\/indusherbal.com\/lang\/pt\/blog\/wp-json\/wp\/v2\/types\/post"}],"author":[{"embeddable":true,"href":"https:\/\/indusherbal.com\/lang\/pt\/blog\/wp-json\/wp\/v2\/users\/1"}],"replies":[{"embeddable":true,"href":"https:\/\/indusherbal.com\/lang\/pt\/blog\/wp-json\/wp\/v2\/comments?post=1355"}],"version-history":[{"count":0,"href":"https:\/\/indusherbal.com\/lang\/pt\/blog\/wp-json\/wp\/v2\/posts\/1355\/revisions"}],"wp:featuredmedia":[{"embeddable":true,"href":"https:\/\/indusherbal.com\/lang\/pt\/blog\/wp-json\/wp\/v2\/media\/1354"}],"wp:attachment":[{"href":"https:\/\/indusherbal.com\/lang\/pt\/blog\/wp-json\/wp\/v2\/media?parent=1355"}],"wp:term":[{"taxonomy":"category","embeddable":true,"href":"https:\/\/indusherbal.com\/lang\/pt\/blog\/wp-json\/wp\/v2\/categories?post=1355"},{"taxonomy":"post_tag","embeddable":true,"href":"https:\/\/indusherbal.com\/lang\/pt\/blog\/wp-json\/wp\/v2\/tags?post=1355"}],"curies":[{"name":"wp","href":"https:\/\/api.w.org\/{rel}","templated":true}]}}