{"id":2016,"date":"2026-08-05T15:08:11","date_gmt":"2026-08-05T09:38:11","guid":{"rendered":"https:\/\/indusherbal.com\/lang\/pt\/blog\/seu-ronco-pode-ser-um-alerta-de-morte-silenciosa-6-sinais-que-voce-ignora-de-apneia-do-sono\/"},"modified":"2026-08-05T15:08:11","modified_gmt":"2026-08-05T09:38:11","slug":"seu-ronco-pode-ser-um-alerta-de-morte-silenciosa-6-sinais-que-voce-ignora-de-apneia-do-sono","status":"publish","type":"post","link":"https:\/\/indusherbal.com\/lang\/pt\/blog\/seu-ronco-pode-ser-um-alerta-de-morte-silenciosa-6-sinais-que-voce-ignora-de-apneia-do-sono\/","title":{"rendered":"Seu Ronco Pode Ser um Alerta de Morte Silenciosa? 6 Sinais (Que Voc\u00ea Ignora) de Apneia do Sono"},"content":{"rendered":"<p>Voc\u00ea j\u00e1 acordou sentindo que n\u00e3o descansou nada? Tipo, como se tivesse passado a noite lutando contra um travesseiro? Pois \u00e9, a maioria das pessoas acha que <span style=\"color:#ff5733; font-weight:bold; text-decoration:underline;\">ronco<\/span> \u00e9 s\u00f3 um barulho chato. Mas o que poucos sabem \u00e9 que ele pode ser um sinal de <span style=\"color:#4CAF50; font-weight:bold; text-decoration:underline;\">apneia do sono<\/span>, um problema muito mais s\u00e9rio. A verdade \u00e9 que essa condi\u00e7\u00e3o \u00e9 uma verdadeira <span style=\"color:#2196F3; font-weight:bold; text-decoration:underline;\">morte silenciosa<\/span>, que se esconde enquanto voc\u00ea dorme.<\/p>\n<p>Honestamente, eu j\u00e1 perdi as contas de quantas pessoas subestimaram isso. Elas roncam alto, acordam cansadas, mas ignoram os sinais. E \u00e9 exatamente a\u00ed que mora o perigo. <strong>Seu ronco pode ser um alerta de morte silenciosa?<\/strong> Essa pergunta merece sua aten\u00e7\u00e3o, porque os <span style=\"color:#FF9800; font-weight:bold; text-decoration:underline;\">sinais de apneia<\/span> s\u00e3o sutis, mas devastadores. O cora\u00e7\u00e3o sofre, o c\u00e9rebro sofre e, sem tratamento, o risco de complica\u00e7\u00f5es graves aumenta de forma assustadora.<\/p>\n<p>Ent\u00e3o, respira fundo e me acompanha. Voc\u00ea vai descobrir hoje porque <span style=\"color:#9C27B0; font-weight:bold; text-decoration:underline;\">apneia do sono e obesidade<\/span> andam juntas, e como isso impacta diretamente o seu <span style=\"color:#4ECDC4; font-weight:bold; text-decoration:underline;\">risco de infarto<\/span>. N\u00e3o \u00e9 sobre te assustar, mas sim sobre te dar o conhecimento necess\u00e1rio para agir antes que seja tarde.<\/p>\n<p><img data-lazyloaded=\"1\" decoding=\"async\" loading=\"lazy\" style=\"display:block; margin:auto;\" src=\"https:\/\/images.pexels.com\/photos\/8862297\/pexels-photo-8862297.jpeg?auto=compress&#038;cs=tinysrgb&#038;h=650&#038;w=940\" loading=\"lazy\" alt=\"sinais de apneia do sono e ronco noturno\" title=\"\"><\/p>\n<p>Vamos ser reais por um segundo. Eu sei que voc\u00ea est\u00e1 cansado. N\u00e3o s\u00f3 de hoje, mas de meses, talvez anos. Aquele cansa\u00e7o matinal que parece que voc\u00ea dirigiu um caminh\u00e3o durante a noite? Isso n\u00e3o \u00e9 normal. E n\u00e3o, n\u00e3o \u00e9 &#8220;apenas estresse&#8221;. Na maioria das vezes, \u00e9 o seu corpo implorando por oxig\u00eanio enquanto voc\u00ea ronca.<\/p>\n<p>O que acontece \u00e9 um ciclo cruel. O <span style=\"color:#FF9F1C; font-weight:bold; text-decoration:underline;\">sono e peso<\/span> formam uma parceria perigosa. O peso extra pressiona as vias a\u00e9reas, causando o ronco. O ronco piora o sono. O sono ruim aumenta a fome e o ac\u00famulo de gordura. E o ciclo recome\u00e7a. \u00c9 como uma roda gigante que nunca para, e voc\u00ea \u00e9 o passageiro preso nela.<\/p>\n<p>Uma estat\u00edstica que sempre me deixa de queixo ca\u00eddo: *estudos da Associa\u00e7\u00e3o Americana do Cora\u00e7\u00e3o mostram que pessoas com apneia n\u00e3o tratada t\u00eam at\u00e9 3 vezes mais chances de sofrer um derrame ou ataque card\u00edaco*. Isso n\u00e3o \u00e9 exagero. \u00c9 uma conta que n\u00e3o fecha a seu favor. Ent\u00e3o, como saber se voc\u00ea est\u00e1 nesse grupo de risco? Vamos aos detalhes.<\/p>\n<p><img data-lazyloaded=\"1\" decoding=\"async\" loading=\"lazy\" style=\"display:block; margin:auto;\" src=\"https:\/\/images.pexels.com\/photos\/7609014\/pexels-photo-7609014.jpeg?auto=compress&#038;cs=tinysrgb&#038;h=650&#038;w=940\" loading=\"lazy\" alt=\"apneia do sono e obesidade impacto na sa\u00fade\" title=\"\"><\/p>\n<h2><span style=\"color:#ff5733;\">\ud83d\udea8 O que a Apneia do Sono faz com o seu Corpo (E voc\u00ea nem percebe)<\/span><\/h2>\n<p>Imagine que seu corpo \u00e9 uma casa. E o ar \u00e9 a energia el\u00e9trica. A <span style=\"color:#6A0572; font-weight:bold; text-decoration:underline;\">apneia do sono<\/span> corta a energia v\u00e1rias vezes por hora, por dez segundos ou mais. Sem que voc\u00ea acorde conscientemente. Mas seu c\u00e9rebro entra em p\u00e2nico, libera horm\u00f4nios do estresse, acelera o cora\u00e7\u00e3o. A press\u00e3o arterial sobe. O oxig\u00eanio despenca.<\/p>\n<p>E isso acontece dezenas de vezes a cada hora. \u00c9 como se algu\u00e9m ficasse te sufocando a noite toda, e voc\u00ea &#8220;acordasse&#8221; apenas o suficiente para sobreviver, mas nunca para descansar. O problema \u00e9 que voc\u00ea n\u00e3o sente as pausas, mas sente os resultados: cansa\u00e7o extremo, falta de mem\u00f3ria, irritabilidade e, o mais assustador, o <span style=\"color:#4CAF50; font-weight:bold; text-decoration:underline;\">risco de infarto<\/span> silencioso crescendo a cada madrugada.<\/p>\n<h2><span style=\"color:#2196F3;\">\ud83d\udd0d Os 6 Sinais que Voc\u00ea Ignora (Mas Deveria Anotar)<\/span><\/h2>\n<p>Antes de voc\u00ea achar que est\u00e1 imune, deixa eu te contar uma coisa. Eu conheci um cliente, o Marcos, de 40 anos, que se sentia &#8220;saud\u00e1vel&#8221; porque malhava. Ele roncava, mas achava que era da natureza. At\u00e9 ele quase cair no tr\u00e2nsito por causa do cansa\u00e7o. Aqui est\u00e3o os sinais que ele ignorou e que voc\u00ea provavelmente ignora tamb\u00e9m:<\/p>\n<h3>1. Pausas na respira\u00e7\u00e3o (Algu\u00e9m j\u00e1 te viu parar de respirar?)<\/h3>\n<p>Talvez seu parceiro(a) te acorde ou te empurre dizendo: &#8220;Voc\u00ea parou de respirar!&#8221;. Quando isso acontece, seu corpo d\u00e1 aquela engasgada, aquela &#8220;sufocada&#8221; que acelera o cora\u00e7\u00e3o. Esse \u00e9 o sinal mais cl\u00e1ssico, mas ningu\u00e9m de fora v\u00ea, ent\u00e3o voc\u00ea segue em frente ignorando.<\/p>\n<h3>2. Boca seca e dor de cabe\u00e7a matinal<\/h3>\n<p>Acordar com a garganta seca e uma dor de cabe\u00e7a latejante? Isso n\u00e3o \u00e9 desidrata\u00e7\u00e3o. Isso \u00e9 falta de ar. Quando voc\u00ea fica de boca aberta a noite, respirando de forma anormal, a press\u00e3o na cabe\u00e7a muda. Eu costumo dizer que \u00e9 o seu corpo avisando: &#8220;Noite ruim, viu?&#8221;.<\/p>\n<h3>3. Vontade incontrol\u00e1vel de cochilar durante o dia<\/h3>\n<p>Aquela sonol\u00eancia ap\u00f3s o almo\u00e7o? Todo mundo tem. Mas se voc\u00ea precisa desesperadamente de um cochilo ao dirigir ou ao ler um e-mail, e isso te atrapalha, cuidado. Isso n\u00e3o \u00e9 pregui\u00e7a. Isso \u00e9 um c\u00e9rebro faminto por oxig\u00eanio.<\/p>\n<h3>4. Hipertens\u00e3o que n\u00e3o baixa com rem\u00e9dios<\/h3>\n<p>Se voc\u00ea toma rem\u00e9dio para press\u00e3o alta e os n\u00fameros continuam teimando em subir, talvez o problema n\u00e3o seja s\u00f3 o s\u00f3dio. A <span style=\"color:#FF9800; font-weight:bold; text-decoration:underline;\">apneia do sono<\/span> causa picos de press\u00e3o durante a noite. \u00c9 como se seu corpo estivesse em constante estado de alerta, e a medica\u00e7\u00e3o n\u00e3o d\u00e1 conta sozinha.<\/p>\n<h3>5. Ganho de peso dif\u00edcil de reverter<\/h3>\n<p>Aqui est\u00e1 o n\u00f3 da quest\u00e3o. O sono ruim aumenta a grelina, o &#8220;horm\u00f4nio da fome&#8221;, e reduz a leptina, o &#8220;horm\u00f4nio da saciedade&#8221;. Resultado? Voc\u00ea acorda faminto e pode escolher coisas erradas, como doces e carboidratos. Isso alimenta a <span style=\"color:#9C27B0; font-weight:bold; text-decoration:underline;\">apneia do sono e obesidade<\/span> em um ciclo vicioso sem fim.<\/p>\n<h3>6. Irritabilidade e n\u00e9voa mental<\/h3>\n<p>Se sua paci\u00eancia acabou, se voc\u00ea esquece coisas simples, como onde colocou as chaves h\u00e1 5 minutos, pode n\u00e3o ser a &#8220;era da internet&#8221;. A oxigena\u00e7\u00e3o do c\u00e9rebro est\u00e1 comprometida. Longe de ser frescura, isso \u00e9 um sintoma<\/p>\n","protected":false},"excerpt":{"rendered":"<p>Voc\u00ea j\u00e1 acordou sentindo que n\u00e3o descansou nada? Tipo, como se tivesse passado a noite lutando contra um travesseiro? Pois \u00e9, a maioria das pessoas&#8230;<\/p>\n","protected":false},"author":1,"featured_media":2015,"comment_status":"open","ping_status":"closed","sticky":false,"template":"","format":"standard","meta":{"footnotes":""},"categories":[],"tags":[],"class_list":["post-2016","post","type-post","status-publish","format-standard","has-post-thumbnail","hentry"],"amp_enabled":true,"_links":{"self":[{"href":"https:\/\/indusherbal.com\/lang\/pt\/blog\/wp-json\/wp\/v2\/posts\/2016","targetHints":{"allow":["GET"]}}],"collection":[{"href":"https:\/\/indusherbal.com\/lang\/pt\/blog\/wp-json\/wp\/v2\/posts"}],"about":[{"href":"https:\/\/indusherbal.com\/lang\/pt\/blog\/wp-json\/wp\/v2\/types\/post"}],"author":[{"embeddable":true,"href":"https:\/\/indusherbal.com\/lang\/pt\/blog\/wp-json\/wp\/v2\/users\/1"}],"replies":[{"embeddable":true,"href":"https:\/\/indusherbal.com\/lang\/pt\/blog\/wp-json\/wp\/v2\/comments?post=2016"}],"version-history":[{"count":0,"href":"https:\/\/indusherbal.com\/lang\/pt\/blog\/wp-json\/wp\/v2\/posts\/2016\/revisions"}],"wp:featuredmedia":[{"embeddable":true,"href":"https:\/\/indusherbal.com\/lang\/pt\/blog\/wp-json\/wp\/v2\/media\/2015"}],"wp:attachment":[{"href":"https:\/\/indusherbal.com\/lang\/pt\/blog\/wp-json\/wp\/v2\/media?parent=2016"}],"wp:term":[{"taxonomy":"category","embeddable":true,"href":"https:\/\/indusherbal.com\/lang\/pt\/blog\/wp-json\/wp\/v2\/categories?post=2016"},{"taxonomy":"post_tag","embeddable":true,"href":"https:\/\/indusherbal.com\/lang\/pt\/blog\/wp-json\/wp\/v2\/tags?post=2016"}],"curies":[{"name":"wp","href":"https:\/\/api.w.org\/{rel}","templated":true}]}}