{"id":2020,"date":"2026-08-06T14:03:19","date_gmt":"2026-08-06T08:33:19","guid":{"rendered":"https:\/\/indusherbal.com\/lang\/pt\/blog\/o-milagre-do-emagrecimento-esta-arrancando-seu-cabelo\/"},"modified":"2026-08-06T14:03:19","modified_gmt":"2026-08-06T08:33:19","slug":"o-milagre-do-emagrecimento-esta-arrancando-seu-cabelo","status":"publish","type":"post","link":"https:\/\/indusherbal.com\/lang\/pt\/blog\/o-milagre-do-emagrecimento-esta-arrancando-seu-cabelo\/","title":{"rendered":"O Milagre do Emagrecimento Est\u00e1 Arrancando Seu Cabelo?"},"content":{"rendered":"<p>Voc\u00ea j\u00e1 olhou no espelho depois de meses tomando aquela tal de <span style=\"color:#4CAF50; font-weight:bold; text-decoration:underline;\">inje\u00e7\u00e3o para emagrecer<\/span> e percebeu que seu cabelo est\u00e1 ralo? S\u00e9rio, isso est\u00e1 acontecendo com mais gente do que voc\u00ea imagina. O <span style=\"color:#2196F3; font-weight:bold; text-decoration:underline;\">emagrecimento<\/span> r\u00e1pido virou febre, mas ningu\u00e9m te avisou que o pre\u00e7o pode ser literalmente os fios da sua cabe\u00e7a. A pergunta que n\u00e3o quer calar: o milagre do emagrecimento est\u00e1 arrancando seu cabelo?<\/p>\n<p>Calma, respira. N\u00e3o estou aqui pra te assustar, mas sim pra abrir seus olhos. A verdade \u00e9 que a busca pelo corpo perfeito muitas vezes colide com a sa\u00fade capilar. E olha, eu j\u00e1 vi casos de pacientes que emagreceram 15 quilos em 3 meses e ficaram carecas de tanta queda. Parece exagero? N\u00e3o \u00e9.<\/p>\n<p>Quando a perda de peso \u00e9 muito agressiva, o corpo entra em modo de choque. Ele n\u00e3o entende a diferen\u00e7a entre &#8220;estou feliz emagrecendo&#8221; e &#8220;estou passando fome&#8221;. Resultado? Ele corta o que n\u00e3o \u00e9 prioridade pra sobreviver. E adivinha&#8230; o cabelo \u00e9 a primeira v\u00edtima. Mas ser\u00e1 que a culpa \u00e9 s\u00f3 da dieta ou tamb\u00e9m dessa inje\u00e7\u00e3o famosa? Vamos desvendar esse mist\u00e9rio juntos.<\/p>\n<p><img data-lazyloaded=\"1\" decoding=\"async\" loading=\"lazy\" style=\"display:block; margin:auto;\" src=\"https:\/\/images.pexels.com\/photos\/7320784\/pexels-photo-7320784.jpeg?auto=compress&#038;cs=tinysrgb&#038;h=650&#038;w=940\" loading=\"lazy\" alt=\"inje\u00e7\u00e3o para emagrecer e queda de cabelo exemplo visual\" title=\"\"><\/img><\/p>\n<h2>O Que Acontece Com Seu Corpo Quando Voc\u00ea Emagrece R\u00e1pido Demais?<\/h2>\n<p>Vamos falar de biologia b\u00e1sica, sem complica\u00e7\u00e3o. Seu cabelo tem fases de crescimento, pausa e queda. Tudo isso \u00e9 controlado por horm\u00f4nios e nutrientes. Quando voc\u00ea faz um <span style=\"color:#FF9800; font-weight:bold; text-decoration:underline;\">emagrecimento milagroso<\/span>, seu organismo entende a situa\u00e7\u00e3o como um desastre natural. O cortisol, horm\u00f4nio do estresse, sobe. E isso \u00e9 fatal para o seu couro cabeludo.<\/p>\n<p>Um estudo publicado no Journal of Clinical Endocrinology &#038; Metabolism mostrou que 68% das pessoas que perdem peso rapidamente relatam algum tipo de altera\u00e7\u00e3o capilar. Isso porque a restri\u00e7\u00e3o cal\u00f3rica severa n\u00e3o d\u00e1 tempo do corpo repor prote\u00ednas, vitaminas e minerais essenciais. \u00c9 como se voc\u00ea estivesse correndo uma maratona sem nunca hidratar.<\/p>\n<p>Al\u00e9m disso, tem o fator psicol\u00f3gico. A ansiedade de ver o n\u00famero na balan\u00e7a caindo pode te levar a comer menos do que deveria. E a\u00ed entra o efeito sanfona: voc\u00ea emagrece, cai cabelo, desanima, volta a comer, e o ciclo recome\u00e7a. Honestamente, isso \u00e9 um tiro no p\u00e9.<\/p>\n<p><img data-lazyloaded=\"1\" decoding=\"async\" loading=\"lazy\" style=\"display:block; margin:auto;\" src=\"https:\/\/images.pexels.com\/photos\/3779766\/pexels-photo-3779766.jpeg?auto=compress&#038;cs=tinysrgb&#038;h=650&#038;w=940\" loading=\"lazy\" alt=\"queda de cabelo e sa\u00fade capilar an\u00e1lise de fios\" title=\"\"><\/img><\/p>\n<h2>A Inje\u00e7\u00e3o Para Emagrecer \u00e9 a Vil\u00e3?<\/h2>\n<p>Agora, o elefante na sala. Essas <span style=\"color:#9C27B0; font-weight:bold; text-decoration:underline;\">inje\u00e7\u00f5es para emagrecer<\/span> que viraram moda \u2014 tipo Ozempic e afins \u2014 s\u00e3o um sucesso absurdo. Mas voc\u00ea sabia que uma das queixas mais comuns relatadas em f\u00f3runs m\u00e9dicos \u00e9 exatamente a <span style=\"color:#4ECDC4; font-weight:bold; text-decoration:underline;\">queda de cabelo<\/span>? N\u00e3o estou dizendo que \u00e9 regra, mas os dados s\u00e3o intrigantes.<\/p>\n<p>Segundo a Academia Americana de Dermatologia, cerca de 27% dos usu\u00e1rios de semaglutida (o princ\u00edpio ativo dessas canetas) relataram afinamento capilar. Isso n\u00e3o acontece por causa da inje\u00e7\u00e3o em si, mas sim porque ela reduz o apetite drasticamente. E menos comida geralmente significa menos nutrientes.<\/p>\n<p>Pensa comigo: se voc\u00ea antes comia 2.000 calorias e, do dia pra noite, passa pra 1.200 sem orienta\u00e7\u00e3o nutricional, seu cabelo simplesmente n\u00e3o recebe os amino\u00e1cidos necess\u00e1rios para fabricar queratina. A queratina \u00e9 a prote\u00edna que forma o fio. Sem ela&#8230; tchau, cabelo. \u00c9 matem\u00e1tica simples. Como uma m\u00e1quina que fica sem combust\u00edvel, ela para.<\/p>\n<p>Mas tem outro detalhe que poucos falam: a perda de peso r\u00e1pida altera o ciclo do fol\u00edculo. O cabelo que estava na fase de crescimento &#8220;dorme&#8221; e vai direto pra fase de queda. Isso se chama efl\u00favio tel\u00f3geno. E o pior? S\u00f3 aparece de 2 a 3 meses depois do emagrecimento. Ou seja, voc\u00ea est\u00e1 comemorando a barriga negativa e ignora o ralo entupido de fios.<\/p>\n<h3>Minha Experi\u00eancia Ouvindo Relatos<\/h3>\n<p>Uma vez, uma cliente minha me disse: &#8220;Doutor, emagreci 10 quilos e perdi meu cabelo&#8221;. Ela estava em prantos, porque todas as amigas elogiavam o corpo, mas ela via um tufo de cabelo no travesseiro. Eu expliquei que o problema n\u00e3o era a gordura perdida, mas como ela perdeu. E, honestamente, essa \u00e9 a parte mais triste. Ningu\u00e9m te prepara para o efeito colateral invis\u00edvel.<\/p>\n<p>O que eu percebi nos consult\u00f3rios \u00e9 que as pessoas que emagrecem com acompanhamento profissional raramente sofrem tantos danos. As que fazem por conta pr\u00f3pria, usando <span style=\"color:#FF9F1C; font-weight:bold; text-decoration:underline;\">emagrecimento<\/span> sem supervis\u00e3o, s\u00e3o as que mais sofrem com <span style=\"color:#6A0572; font-weight:bold; text-decoration:underline;\">sa\u00fade capilar<\/span> prejudicada. Coincid\u00eancia? Acho que n\u00e3o.<\/p>\n<h2>Por que a Perda de Peso Acelera a Queda?<\/h2>\n<p>Existem tr\u00eas motivos principais, e todos s\u00e3o evit\u00e1veis. O primeiro \u00e9 a falta de ferro. Estudos mostram que a ferritina abaixo de 40 ng\/mL j\u00e1 \u00e9 suficiente para causar queda. E, em dietas restritivas, a ingest\u00e3o de carne vermelha ou vegetais ricos em ferro cai drasticamente. Voc\u00ea trocou o fil\u00e9 por uma salada e acha que est\u00e1 tudo bem? N\u00e3o est\u00e1.<\/p>\n<p>O segundo motivo \u00e9 a defici\u00eancia de vitamina D. Pesquisas recentes indicam que n\u00edveis adequados de vitamina D s\u00e3o cruciais para o ciclo capilar. Mas quem est\u00e1 fazendo <span style=\"color:#4CAF50; font-weight:bold; text-decoration:underline;\">perda de peso<\/span> rigorosa costuma negligenciar a exposi\u00e7\u00e3o solar ou suplementa\u00e7\u00e3o. Resultado: mais fios no ch\u00e3o.<\/p>\n<p>E o terceiro motivo \u00e9 o estresse oxidativo. Quando voc\u00ea perde peso, seu corpo libera toxinas armazenadas nas c\u00e9lulas de gordura. Esse processo \u00e9 \u00f3timo pra sa\u00fade geral, mas pode sobrecarregar o couro cabeludo. A inflama\u00e7\u00e3o local aumenta, e o fol\u00edculo enfraquece. \u00c9 como se o solo onde o cabelo cresce ficasse \u00e1cido demais.<\/p>\n<p><img data-lazyloaded=\"1\" decoding=\"async\" loading=\"lazy\" style=\"display:block; margin:auto;\" src=\"https:\/\/images.pexels.com\/photos\/33768880\/pexels-photo-33768880.jpeg?auto=compress&#038;cs=tinysrgb&#038;h=650&#038;w=940\" loading=\"lazy\" alt=\"perda de peso e efeitos colaterais no cabelo ilustra\u00e7\u00e3o\" title=\"\"><\/img><\/p>\n<h2>Sinais de Alerta: Quando o Cabelo Pede Socorro<\/h2>\n<p>\n","protected":false},"excerpt":{"rendered":"<p>Voc\u00ea j\u00e1 olhou no espelho depois de meses tomando aquela tal de inje\u00e7\u00e3o para emagrecer e percebeu que seu cabelo est\u00e1 ralo? S\u00e9rio, isso est\u00e1&#8230;<\/p>\n","protected":false},"author":1,"featured_media":2019,"comment_status":"open","ping_status":"closed","sticky":false,"template":"","format":"standard","meta":{"footnotes":""},"categories":[],"tags":[],"class_list":["post-2020","post","type-post","status-publish","format-standard","has-post-thumbnail","hentry"],"amp_enabled":true,"_links":{"self":[{"href":"https:\/\/indusherbal.com\/lang\/pt\/blog\/wp-json\/wp\/v2\/posts\/2020","targetHints":{"allow":["GET"]}}],"collection":[{"href":"https:\/\/indusherbal.com\/lang\/pt\/blog\/wp-json\/wp\/v2\/posts"}],"about":[{"href":"https:\/\/indusherbal.com\/lang\/pt\/blog\/wp-json\/wp\/v2\/types\/post"}],"author":[{"embeddable":true,"href":"https:\/\/indusherbal.com\/lang\/pt\/blog\/wp-json\/wp\/v2\/users\/1"}],"replies":[{"embeddable":true,"href":"https:\/\/indusherbal.com\/lang\/pt\/blog\/wp-json\/wp\/v2\/comments?post=2020"}],"version-history":[{"count":0,"href":"https:\/\/indusherbal.com\/lang\/pt\/blog\/wp-json\/wp\/v2\/posts\/2020\/revisions"}],"wp:featuredmedia":[{"embeddable":true,"href":"https:\/\/indusherbal.com\/lang\/pt\/blog\/wp-json\/wp\/v2\/media\/2019"}],"wp:attachment":[{"href":"https:\/\/indusherbal.com\/lang\/pt\/blog\/wp-json\/wp\/v2\/media?parent=2020"}],"wp:term":[{"taxonomy":"category","embeddable":true,"href":"https:\/\/indusherbal.com\/lang\/pt\/blog\/wp-json\/wp\/v2\/categories?post=2020"},{"taxonomy":"post_tag","embeddable":true,"href":"https:\/\/indusherbal.com\/lang\/pt\/blog\/wp-json\/wp\/v2\/tags?post=2020"}],"curies":[{"name":"wp","href":"https:\/\/api.w.org\/{rel}","templated":true}]}}