{"id":2027,"date":"2026-08-08T12:04:10","date_gmt":"2026-08-08T06:34:10","guid":{"rendered":"https:\/\/indusherbal.com\/lang\/pt\/blog\/essa-dor-de-cabeca-pode-ser-meningite-o-sinal-que-salva-vidas-antes-do-fim\/"},"modified":"2026-08-08T12:04:10","modified_gmt":"2026-08-08T06:34:10","slug":"essa-dor-de-cabeca-pode-ser-meningite-o-sinal-que-salva-vidas-antes-do-fim","status":"publish","type":"post","link":"https:\/\/indusherbal.com\/lang\/pt\/blog\/essa-dor-de-cabeca-pode-ser-meningite-o-sinal-que-salva-vidas-antes-do-fim\/","title":{"rendered":"Essa dor de cabe\u00e7a pode ser meningite? O sinal que salva vidas antes do fim."},"content":{"rendered":"<p>Voc\u00ea j\u00e1 acordou com uma <span style=\"color:#FF9800; font-weight:bold; text-decoration:underline;\">dor de cabe\u00e7a forte<\/span> e pensou: &#8220;\u00e9 s\u00f3 estresse&#8221;? A gente tende a ignorar, n\u00e9? Mas e se essa dor n\u00e3o for t\u00e3o inofensiva assim? Estamos falando de algo s\u00e9rio, algo que pode mudar tudo em poucas horas. <strong>Essa dor de cabe\u00e7a pode ser meningite?<\/strong> Parece exagero, mas reconhecer os <span style=\"color:#2196F3; font-weight:bold; text-decoration:underline;\">sinais de meningite<\/span> a tempo \u00e9, literalmente, a diferen\u00e7a entre a vida e a morte.<\/p>\n<p>Eu sei, pode parecer assustador. Mas fica comigo, porque o que voc\u00ea vai ler aqui pode salvar voc\u00ea ou algu\u00e9m que voc\u00ea ama. A meningite n\u00e3o espera, ela age r\u00e1pido. Ent\u00e3o, vamos descomplicar isso de uma vez, sem rodeios e sem termos m\u00e9dicos chatos. Hoje, vamos falar sobre os <span style=\"color:#4CAF50; font-weight:bold; text-decoration:underline;\">sintomas meningite adultos<\/span> que ningu\u00e9m te conta, e como diferenciar uma dor comum de um perigo real.<\/p>\n<p>Outro dia, um amigo meu reclamou de uma <span style=\"color:#9C27B0; font-weight:bold; text-decoration:underline;\">dor de cabe\u00e7a forte<\/span> depois do treino. Ele tomou um analg\u00e9sico e foi dormir. Horas depois, estava no hospital com diagn\u00f3stico de meningite bacteriana. Gra\u00e7as a Deus, ele sobreviveu, mas ficou com sequelas. Por isso, eu preciso que voc\u00ea preste aten\u00e7\u00e3o <strong>agora<\/strong>.<\/p>\n<p><img data-lazyloaded=\"1\" decoding=\"async\" loading=\"lazy\" style=\"display:block; margin:auto;\" src=\"https:\/\/images.pexels.com\/photos\/8862297\/pexels-photo-8862297.jpeg?auto=compress&#038;cs=tinysrgb&#038;h=650&#038;w=940\" loading=\"lazy\" alt=\"Diagn\u00f3stico meningite visualizado em consulta m\u00e9dica com profissional de sa\u00fade\" title=\"\"><\/p>\n<p>A primeira coisa que voc\u00ea precisa saber \u00e9 que a <span style=\"color:#4ECDC4; font-weight:bold; text-decoration:underline;\">preven\u00e7\u00e3o meningite<\/span> come\u00e7a com informa\u00e7\u00e3o. E a info mais importante \u00e9 essa: rigidez no pesco\u00e7o n\u00e3o \u00e9 &#8220;mau jeito&#8221;. S\u00e9rio. Se voc\u00ea consegue encostar o queixo no peito sem dor, provavelmente n\u00e3o \u00e9 meningite. Mas se a nuca t\u00e1 dura que nem t\u00e1bua e d\u00f3i muito? Sinal de alerta total. Junto com isso, a febre alta e os v\u00f4mitos em jato s\u00e3o o combo cl\u00e1ssico que a gente nunca quer ignorar.<\/p>\n<p>Honestamente, a maioria das pessoas acha que isso s\u00f3 acontece com crian\u00e7as. Mito! Adultos pegam meningite o tempo todo. A diferen\u00e7a \u00e9 que, em adultos, os sinais podem ser mais sutis no come\u00e7o, parecendo uma gripe forte. A\u00ed, a pessoa acha que vai melhorar sozinha. E \u00e9 exatamente a\u00ed que o perigo mora. O tempo entre os primeiros sintomas e o agravamento pode ser de apenas 24 horas. \u00c9 uma corrida contra o rel\u00f3gio, e saber disso j\u00e1 te coloca \u00e0 frente.<\/p>\n<p><img data-lazyloaded=\"1\" decoding=\"async\" loading=\"lazy\" style=\"display:block; margin:auto;\" src=\"https:\/\/images.pexels.com\/photos\/6800018\/pexels-photo-6800018.jpeg?auto=compress&#038;cs=tinysrgb&#038;h=650&#038;w=940\" loading=\"lazy\" alt=\"Sintomas meningite adultos e alerta de dor de cabe\u00e7a forte ilustrados em imagem\" title=\"\"><\/p>\n<p>Ent\u00e3o, quando a gente fala em <span style=\"color:#FF9F1C; font-weight:bold; text-decoration:underline;\">sinais de meningite<\/span>, eu gosto de usar uma regra pr\u00e1tica. Imagine um check-list mental. Primeiro: a dor \u00e9 a pior que voc\u00ea j\u00e1 sentiu na vida? Segundo: voc\u00ea tem febre e est\u00e1 com muito frio, mesmo coberto? Terceiro: luz te incomoda de um jeito absurdo, tipo, voc\u00ea quer ficar no escuro total? Se voc\u00ea respondeu &#8220;sim&#8221; para duas dessas, n\u00e3o espera. Vai pro pronto-socorro. E n\u00e3o aceita &#8220;\u00e9 virose&#8221; como resposta sem antes pedir uma avalia\u00e7\u00e3o mais detalhada.<\/p>\n<p>Um dado que me choca sempre: segundo a Organiza\u00e7\u00e3o Mundial da Sa\u00fade, a meningite bacteriana mata cerca de 1 em cada 10 infectados, mesmo com tratamento. E entre os sobreviventes, 1 em cada 5 fica com sequelas graves. Isso me d\u00e1 arrepios. Porque a solu\u00e7\u00e3o \u00e9 t\u00e3o simples: vacina e atendimento r\u00e1pido. A <span style=\"color:#6A0572; font-weight:bold; text-decoration:underline;\">preven\u00e7\u00e3o meningite<\/span> com vacinas est\u00e1 dispon\u00edvel no SUS, mas muita gente adulta n\u00e3o atualizou o cart\u00e3o vacinal. Isso \u00e9 um erro gigante.<\/p>\n<p><img data-lazyloaded=\"1\" decoding=\"async\" loading=\"lazy\" style=\"display:block; margin:auto;\" src=\"https:\/\/images.pexels.com\/photos\/7156527\/pexels-photo-7156527.jpeg?auto=compress&#038;cs=tinysrgb&#038;h=650&#038;w=940\" loading=\"lazy\" alt=\"Preven\u00e7\u00e3o meningite vacina\u00e7\u00e3o e sinais de alerta visualizados em imagem\" title=\"\"><\/p>\n<h2>O Sinal Que Ningu\u00e9m Fala: O Teste do Pesco\u00e7o<\/h2>\n<p>A <span style=\"color:#4CAF50; font-weight:bold; text-decoration:underline;\">rigidez no pesco\u00e7o<\/span> \u00e9, de longe, o sinal mais espec\u00edfico. Mas como testar isso em casa? Deita de barriga pra cima. Tenta encostar o queixo no peito. Se voc\u00ea n\u00e3o consegue e sente uma dor insuport\u00e1vel na nuca, isso \u00e9 um alerta vermelho. Outro teste cl\u00e1ssico \u00e9 o da perna: deita e tenta dobrar o joelho em dire\u00e7\u00e3o ao peito. Se doer demais nas costas ou na cabe\u00e7a, pode ser irrita\u00e7\u00e3o das meninges. S\u00e3o coisas pequenas que fazem uma diferen\u00e7a brutal.<\/p>\n<p>Eu sei que voc\u00ea pode pensar: &#8220;ah, mas minha dor \u00e9 suport\u00e1vel&#8221;. A meningite n\u00e3o brinca. Ela inflama as membranas que envolvem o c\u00e9rebro. \u00c9 uma inflama\u00e7\u00e3o agressiva. E o diagn\u00f3stico meningite precoce depende exatamente desses detalhes. N\u00e3o esque\u00e7a: a dor de cabe\u00e7a da meningite \u00e9 diferente. Ela \u00e9 progressiva e n\u00e3o melhora com analg\u00e9sico comum. \u00c9 como se algu\u00e9m tivesse apertando sua cabe\u00e7a com uma faixa de ferro, e a press\u00e3o s\u00f3 aumenta.<\/p>\n<h2>Quando a Pressa \u00e9 sua Melhor Amiga<\/h2>\n<p>Aqui no Brasil, temos o h\u00e1bito de marcar consulta e esperar. Mas nesse caso, esperar \u00e9 fatal. Se voc\u00ea suspeita, v\u00e1 direto para a emerg\u00eancia. Diga ao m\u00e9dico: &#8220;estou com suspeita de meningite&#8221;. N\u00e3o tenha vergonha. Eles v\u00e3o te avaliar rapidamente. O tratamento \u00e9 com antibi\u00f3ticos intravenosos, e quanto antes come\u00e7ar, menores as chances de sequelas. Pensa assim: \u00e9 melhor passar por uma &#8220;saia justa&#8221; do que passar meses em reabilita\u00e7\u00e3o.<\/p>\n<ul>\n<li><b>Febre alta repentina<\/b> \u2013 geralmente acima de 39\u00b0C.<\/li>\n<li><b>Manchas vermelhas na pele<\/b> \u2013 que n\u00e3o somem quando voc\u00ea pressiona com um copo. Isso \u00e9 um sinal de infec\u00e7\u00e3o grave!<\/li>\n<li><b>Confus\u00e3o mental<\/b> \u2013 dificuldade para acordar ou falar coisas sem sentido.<\/li>\n<li><b>Sensibilidade extrema \u00e0 luz<\/b> \u2013 voc\u00ea tampa os olhos e sente al\u00edvio.<\/li>\n<\/ul>\n<p>Esses s\u00e3o os <span style=\"color:#2196F3; font-weight:bold; text-decoration:underline;\">sintomas meningite adultos<\/span> mais comuns, segundo a rede p\u00fablica de sa\u00fade. E olha, n\u00e3o precisa ter todos. Com dois ou tr\u00eas, o alarme j\u00e1 deve disparar. Eu, por exemplo, tive um paciente (cliente) que s\u00f3 tinha a dor de cabe\u00e7a e a confus\u00e3o mental. A fam\u00edlia achou que era estresse p\u00f3s-prova. Perderam 12 horas preciosas. Felizmente, ele se recuperou, mas foi por pouco.<\/p>\n<h2>Mitos que Matam: O que Voc\u00ea Precisa Ignorar<\/h2>\n<p>Existe um mito enorme de que<\/p>\n","protected":false},"excerpt":{"rendered":"<p>Voc\u00ea j\u00e1 acordou com uma dor de cabe\u00e7a forte e pensou: &#8220;\u00e9 s\u00f3 estresse&#8221;? A gente tende a ignorar, n\u00e9? Mas e se essa dor&#8230;<\/p>\n","protected":false},"author":1,"featured_media":2026,"comment_status":"open","ping_status":"closed","sticky":false,"template":"","format":"standard","meta":{"footnotes":""},"categories":[],"tags":[],"class_list":["post-2027","post","type-post","status-publish","format-standard","has-post-thumbnail","hentry"],"amp_enabled":true,"_links":{"self":[{"href":"https:\/\/indusherbal.com\/lang\/pt\/blog\/wp-json\/wp\/v2\/posts\/2027","targetHints":{"allow":["GET"]}}],"collection":[{"href":"https:\/\/indusherbal.com\/lang\/pt\/blog\/wp-json\/wp\/v2\/posts"}],"about":[{"href":"https:\/\/indusherbal.com\/lang\/pt\/blog\/wp-json\/wp\/v2\/types\/post"}],"author":[{"embeddable":true,"href":"https:\/\/indusherbal.com\/lang\/pt\/blog\/wp-json\/wp\/v2\/users\/1"}],"replies":[{"embeddable":true,"href":"https:\/\/indusherbal.com\/lang\/pt\/blog\/wp-json\/wp\/v2\/comments?post=2027"}],"version-history":[{"count":0,"href":"https:\/\/indusherbal.com\/lang\/pt\/blog\/wp-json\/wp\/v2\/posts\/2027\/revisions"}],"wp:featuredmedia":[{"embeddable":true,"href":"https:\/\/indusherbal.com\/lang\/pt\/blog\/wp-json\/wp\/v2\/media\/2026"}],"wp:attachment":[{"href":"https:\/\/indusherbal.com\/lang\/pt\/blog\/wp-json\/wp\/v2\/media?parent=2027"}],"wp:term":[{"taxonomy":"category","embeddable":true,"href":"https:\/\/indusherbal.com\/lang\/pt\/blog\/wp-json\/wp\/v2\/categories?post=2027"},{"taxonomy":"post_tag","embeddable":true,"href":"https:\/\/indusherbal.com\/lang\/pt\/blog\/wp-json\/wp\/v2\/tags?post=2027"}],"curies":[{"name":"wp","href":"https:\/\/api.w.org\/{rel}","templated":true}]}}