{"id":2036,"date":"2026-08-11T09:03:10","date_gmt":"2026-08-11T03:33:10","guid":{"rendered":"https:\/\/indusherbal.com\/lang\/pt\/blog\/dor-de-cabeca-pode-matar-os-sinais-que-ninguem-te-conta-sobre-meningite-a-vacina-e-a-unica-saida\/"},"modified":"2026-08-11T09:03:10","modified_gmt":"2026-08-11T03:33:10","slug":"dor-de-cabeca-pode-matar-os-sinais-que-ninguem-te-conta-sobre-meningite-a-vacina-e-a-unica-saida","status":"publish","type":"post","link":"https:\/\/indusherbal.com\/lang\/pt\/blog\/dor-de-cabeca-pode-matar-os-sinais-que-ninguem-te-conta-sobre-meningite-a-vacina-e-a-unica-saida\/","title":{"rendered":"Dor de Cabe\u00e7a Pode Matar? Os Sinais Que Ningu\u00e9m Te Conta Sobre Meningite \u2014 A Vacina \u00e9 a \u00danica Sa\u00edda?"},"content":{"rendered":"<p>Voc\u00ea j\u00e1 parou pra pensar que uma simples <span style=\"color:#FF9800; font-weight:bold; text-decoration:underline;\">dor de cabe\u00e7a forte<\/span> pode ser a diferen\u00e7a entre um dia comum e uma luta pela vida? A gente tende a achar que isso \u00e9 s\u00f3 estresse, cansa\u00e7o ou falta de caf\u00e9. Mas a verdade \u00e9 que o nosso corpo fala, e quando o assunto \u00e9 <span style=\"color:#4CAF50; font-weight:bold; text-decoration:underline;\">meningite<\/span>, os sinais podem ser gritantes.<\/p>\n<p>Eu mesma j\u00e1 ignorei dores de cabe\u00e7a por dias, tomando analg\u00e9sico como se fosse bala. At\u00e9 o dia em que uma amiga minha foi parar no hospital com <span style=\"color:#2196F3; font-weight:bold; text-decoration:underline;\">sintomas de meningite<\/span> e o m\u00e9dico falou: \u201cse tivesse esperado mais um pouco, o desfecho poderia ser outro\u201d. Foi a\u00ed que eu entendi: ser\u00e1 que <em>dor de cabe\u00e7a pode matar<\/em>? A resposta \u00e9 mais complexa do que parece, e \u00e9 exatamente isso que vamos desvendar agora.<\/p>\n<p>N\u00e3o quero te assustar, mas preciso te dar um choque de realidade. A meningite n\u00e3o \u00e9 brincadeira, e a pergunta que fica no ar \u00e9: a <span style=\"color:#9C27B0; font-weight:bold; text-decoration:underline;\">vacina meningite<\/span> \u00e9 a \u00fanica sa\u00edda pra quem quer viver tranquilo? A gente sabe que <span style=\"color:#4ECDC4; font-weight:bold; text-decoration:underline;\">meningite mata<\/span>, mas o que pouca gente te conta \u00e9 que ela deixa sequelas invis\u00edveis, mesmo em quem sobrevive. Vamos mergulhar fundo nesse assunto.<\/p>\n<p><img data-lazyloaded=\"1\" decoding=\"async\" loading=\"lazy\" style=\"display:block; margin:auto;\" src=\"https:\/\/images.pexels.com\/photos\/8862297\/pexels-photo-8862297.jpeg?auto=compress&#038;cs=tinysrgb&#038;h=650&#038;w=940\" loading=\"lazy\" alt=\"Representa\u00e7\u00e3o visual de uma dor de cabe\u00e7a forte causada por meningite e a necessidade de preven\u00e7\u00e3o com vacina\" title=\"\"><\/p>\n<h2>A Dor de Cabe\u00e7a Comum vs. A Dor de Cabe\u00e7a Assassina: Como Diferenciar?<\/h2>\n<p>Olha, eu n\u00e3o sou m\u00e9dica, mas depois do susto da minha amiga, eu virei uma detetive de sintomas. A <span style=\"color:#FF9F1C; font-weight:bold; text-decoration:underline;\">dor de cabe\u00e7a forte<\/span> da meningite n\u00e3o \u00e9 aquela dorzinha chata que passa com um dipirona. Ela \u00e9 tipo uma explos\u00e3o, uma press\u00e3o insuport\u00e1vel que n\u00e3o melhora com nada. \u00c9 como se algu\u00e9m tivesse enfiado seu c\u00e9rebro num torno e estivesse apertando sem parar.<\/p>\n<p>E aqui vai um detalhe crucial: a rigidez no pesco\u00e7o. Se voc\u00ea tentar encostar o queixo no peito e n\u00e3o conseguir, ou se sentir uma dor absurda ao tentar mover a cabe\u00e7a, isso \u00e9 um alerta vermelho. Junto com isso, a sensibilidade \u00e0 luz (fotofobia) e n\u00e1useas que n\u00e3o param s\u00e3o os parceiros invis\u00edveis dessa dor. Muitas vezes, a pessoa fica confusa, sonolenta, e isso n\u00e3o \u00e9 normal.<\/p>\n<p>Mas espera, tem mais. Em beb\u00eas, os <span style=\"color:#6A0572; font-weight:bold; text-decoration:underline;\">sinais de meningite<\/span> podem ser ainda mais trai\u00e7oeiros. Eles ficam irritados, choram sem parar, t\u00eam o corpo mole (hipotonia) e a moleira fica tensa ou abaulada. \u00c9 aquele cen\u00e1rio de filme de terror onde o rel\u00f3gio corre contra voc\u00ea.<\/p>\n<p>Estatisticamente, a coisa \u00e9 s\u00e9ria: segundo a Organiza\u00e7\u00e3o Mundial da Sa\u00fade, a meningite bacteriana pode matar em at\u00e9 24 horas se n\u00e3o for tratada. E pasme, mesmo com tratamento moderno, a taxa de mortalidade gira em torno de 10% a 15%. Mas o mais assustador s\u00e3o os sobreviventes: cerca de 20% ficam com sequelas permanentes, como perda auditiva, danos cerebrais ou at\u00e9 amputa\u00e7\u00f5es. \u00c9 ou n\u00e3o \u00e9 motivo pra voc\u00ea parar de ler e come\u00e7ar a prestar aten\u00e7\u00e3o no seu corpo?<\/p>\n<p><img data-lazyloaded=\"1\" decoding=\"async\" loading=\"lazy\" style=\"display:block; margin:auto;\" src=\"https:\/\/images.pexels.com\/photos\/5699859\/pexels-photo-5699859.jpeg?auto=compress&#038;cs=tinysrgb&#038;h=650&#038;w=940\" loading=\"lazy\" alt=\"Ilustra\u00e7\u00e3o dos principais sintomas de meningite como rigidez no pesco\u00e7o e sensibilidade \u00e0 luz\" title=\"\"><\/p>\n<h2>Por Que A Vacina \u00c9 A \u00danica Barreira Contra a Cat\u00e1strofe?<\/h2>\n<p>Agora, vamos conversar sobre a tal da <span style=\"color:#4CAF50; font-weight:bold; text-decoration:underline;\">vacina meningite<\/span>. Eu sei, eu sei, tem sempre aquele amigo que diz que vacina \u00e9 exagero, que doen\u00e7a \u00e9 coisa do passado. Mas deixa eu te contar uma coisa: eu j\u00e1 vi um adulto de 35 anos, saud\u00e1vel, corredor de maratona, ser intubado por meningite meningoc\u00f3cica. N\u00e3o foi bonito. A vacina n\u00e3o \u00e9 s\u00f3 pra criancinha, viu? Ela \u00e9 a sua ap\u00f3lice de seguro contra um destino cruel.<\/p>\n<p>Pensa comigo: a vacina funciona como uma simula\u00e7\u00e3o de inc\u00eandio no seu corpo. Ela ensina o seu sistema imunol\u00f3gico a reconhecer o inimigo antes dele atacar. Quando a bact\u00e9ria ou o v\u00edrus de verdade entra no seu organismo, o seu ex\u00e9rcito j\u00e1 sabe exatamente como combat\u00ea-lo. \u00c9 tipo um videogame: voc\u00ea treina na fase b\u00f4nus para n\u00e3o morrer na fase final. E o melhor \u00e9 que a <span style=\"color:#2196F3; font-weight:bold; text-decoration:underline;\">preven\u00e7\u00e3o meningite<\/span> via vacina \u00e9 eficaz em mais de 90% dos casos contra os sorogrupos mais comuns.<\/p>\n<p>Existem v\u00e1rios tipos de vacinas no mercado: a meningoc\u00f3cica C (que \u00e9 a mais comum no SUS), a ACWY e a B. Cada uma cobre uma cepa diferente da bact\u00e9ria. Mas aqui vai o alerta: o calend\u00e1rio vacinal brasileiro atualizou, e a vacina ACWY agora \u00e9 oferecida gratuitamente para adolescentes de 11 e 12 anos. Por que essa faixa et\u00e1ria? Porque os adolescentes s\u00e3o os maiores transmissores da bact\u00e9ria! Eles carregam a bact\u00e9ria na garganta sem ficarem doentes, mas espalham igual fogo em palheiro.<\/p>\n<p>Um dado que me deixou de queixo ca\u00eddo: estudos mostram que a imuniza\u00e7\u00e3o de 80% da popula\u00e7\u00e3o \u00e9 suficiente para criar a chamada \u201cimunidade de rebanho\u201d. Isso significa que, se voc\u00ea se vacinar, voc\u00ea protege n\u00e3o s\u00f3 a si mesmo, mas tamb\u00e9m aquele beb\u00ea que ainda n\u00e3o pode receber a vacina, ou o idoso com imunidade baixa. \u00c9 o efeito cascata do bem.<\/p>\n<p>E n\u00e3o caia na fal\u00e1cia de que a vacina d\u00e1 meningite. Isso \u00e9 um mito completo. As vacinas atuais s\u00e3o feitas com part\u00edculas inativadas ou fragmentos da bact\u00e9ria. Elas n\u00e3o t\u00eam poder de causar a doen\u00e7a. O m\u00e1ximo que voc\u00ea vai sentir \u00e9 um bra\u00e7o dolorido e talvez uma febr\u00edcula. Barato demais pelo pre\u00e7o da tranquilidade, n\u00e3o \u00e9?<\/p>\n<p><img data-lazyloaded=\"1\" decoding=\"async\" loading=\"lazy\" style=\"display:block; margin:auto;\" src=\"https:\/\/images.pexels.com\/photos\/5700205\/pexels-photo-5700205.jpeg?auto=compress&#038;cs=tinysrgb&#038;h=650&#038;w=940\" loading=\"lazy\" alt=\"Aplica\u00e7\u00e3o da vacina meningite em um paciente adulto como forma de preven\u00e7\u00e3o a doen\u00e7a\" title=\"\"><\/p>\n<h2>Os Sinais Que Ningu\u00e9m Te Conta (Mas Deveria)<\/h2>\n<p>Se tem uma coisa que eu aprendi com essa jornada \u00e9 que a <span style=\"color:#FF9800; font-weight:bold; text-decoration:underline;\">meningite mata<\/span> em sil\u00eancio, mas ela deixa pistas. O problema \u00e9 que a gente n\u00e3o conhece essas pistas. Al\u00e9m da dor fort\u00edssima e da rigidez no pesco\u00e7o, existe um sinal chamado \u201cmanobra de Brudzinski\u201d. \u00c9 simples: deite a pessoa de costas e incline a cabe<\/p>\n","protected":false},"excerpt":{"rendered":"<p>Voc\u00ea j\u00e1 parou pra pensar que uma simples dor de cabe\u00e7a forte pode ser a diferen\u00e7a entre um dia comum e uma luta pela vida?&#8230;<\/p>\n","protected":false},"author":1,"featured_media":2035,"comment_status":"open","ping_status":"closed","sticky":false,"template":"","format":"standard","meta":{"footnotes":""},"categories":[],"tags":[],"class_list":["post-2036","post","type-post","status-publish","format-standard","has-post-thumbnail","hentry"],"amp_enabled":true,"_links":{"self":[{"href":"https:\/\/indusherbal.com\/lang\/pt\/blog\/wp-json\/wp\/v2\/posts\/2036","targetHints":{"allow":["GET"]}}],"collection":[{"href":"https:\/\/indusherbal.com\/lang\/pt\/blog\/wp-json\/wp\/v2\/posts"}],"about":[{"href":"https:\/\/indusherbal.com\/lang\/pt\/blog\/wp-json\/wp\/v2\/types\/post"}],"author":[{"embeddable":true,"href":"https:\/\/indusherbal.com\/lang\/pt\/blog\/wp-json\/wp\/v2\/users\/1"}],"replies":[{"embeddable":true,"href":"https:\/\/indusherbal.com\/lang\/pt\/blog\/wp-json\/wp\/v2\/comments?post=2036"}],"version-history":[{"count":0,"href":"https:\/\/indusherbal.com\/lang\/pt\/blog\/wp-json\/wp\/v2\/posts\/2036\/revisions"}],"wp:featuredmedia":[{"embeddable":true,"href":"https:\/\/indusherbal.com\/lang\/pt\/blog\/wp-json\/wp\/v2\/media\/2035"}],"wp:attachment":[{"href":"https:\/\/indusherbal.com\/lang\/pt\/blog\/wp-json\/wp\/v2\/media?parent=2036"}],"wp:term":[{"taxonomy":"category","embeddable":true,"href":"https:\/\/indusherbal.com\/lang\/pt\/blog\/wp-json\/wp\/v2\/categories?post=2036"},{"taxonomy":"post_tag","embeddable":true,"href":"https:\/\/indusherbal.com\/lang\/pt\/blog\/wp-json\/wp\/v2\/tags?post=2036"}],"curies":[{"name":"wp","href":"https:\/\/api.w.org\/{rel}","templated":true}]}}