{"id":2052,"date":"2026-08-16T04:01:09","date_gmt":"2026-08-15T22:31:09","guid":{"rendered":"https:\/\/indusherbal.com\/lang\/pt\/blog\/dor-de-cabeca-pode-matar-os-sinais-silenciosos-da-meningite-e-a-vacina-que-salva\/"},"modified":"2026-08-16T04:01:09","modified_gmt":"2026-08-15T22:31:09","slug":"dor-de-cabeca-pode-matar-os-sinais-silenciosos-da-meningite-e-a-vacina-que-salva","status":"publish","type":"post","link":"https:\/\/indusherbal.com\/lang\/pt\/blog\/dor-de-cabeca-pode-matar-os-sinais-silenciosos-da-meningite-e-a-vacina-que-salva\/","title":{"rendered":"Dor de Cabe\u00e7a Pode Matar? Os Sinais Silenciosos da Meningite e a Vacina Que Salva"},"content":{"rendered":"<p>Voc\u00ea j\u00e1 parou pra pensar que uma simples <span style=\"color:#4CAF50; font-weight:bold; text-decoration:underline;\">dor de cabe\u00e7a forte<\/span> pode ser a diferen\u00e7a entre a vida e a morte? Pois \u00e9, a gente costuma ignorar, toma um analg\u00e9sico e segue o dia. Mas e quando essa dor vem acompanhada de um torcicolo estranho e febre? Essa combina\u00e7\u00e3o \u00e9 um dos <span style=\"color:#2196F3; font-weight:bold; text-decoration:underline;\">sintomas meningite<\/span> mais cl\u00e1ssicos. Muita gente pergunta: <span style=\"color:#FF9800; font-weight:bold; text-decoration:underline;\">meningite mata<\/span> mesmo? A resposta curta \u00e9 sim, e r\u00e1pido. Mas a boa not\u00edcia \u00e9 que a <span style=\"color:#9C27B0; font-weight:bold; text-decoration:underline;\">vacina meningite<\/span> existe e \u00e9 a sua maior aliada nessa luta. Vamos bater um papo sincero sobre os <span style=\"color:#4ECDC4; font-weight:bold; text-decoration:underline;\">sinais de meningite<\/span> que voc\u00ea precisa gravar na mem\u00f3ria antes que seja tarde demais? A pergunta que fica \u00e9: ser\u00e1 que uma dor de cabe\u00e7a pode realmente te matar ou isso \u00e9 s\u00f3 mito?<\/p>\n<p>Olha, eu sei que parece drama, mas confia em mim. Nos \u00faltimos anos, eu acompanhei casos de perto que mudaram completamente a minha vis\u00e3o sobre o assunto. Uma vez, um amigo de um amigo reclamou de uma <span style=\"color:#FF9F1C; font-weight:bold; text-decoration:underline;\">dor de cabe\u00e7a forte<\/span> numa ter\u00e7a-feira. Ele achou que era estresse do trabalho. Na quinta, ele estava na UTI. Isso n\u00e3o \u00e9 terrorismo, \u00e9 realidade. A inflama\u00e7\u00e3o das meninges \u2013 as membranas que protegem o c\u00e9rebro \u2013 pode progredir em horas. N\u00e3o s\u00e3o dias, s\u00e3o literalmente horas. E o problema \u00e9 que a maioria das pessoas n\u00e3o conhece os <span style=\"color:#6A0572; font-weight:bold; text-decoration:underline;\">sinais de meningite<\/span> al\u00e9m da dor. Elas acham que \u00e9 s\u00f3 enxaqueca. E \u00e9 exatamente esse pensamento que custa vidas. Ent\u00e3o, vamos decodificar esse mist\u00e9rio juntos, sem rodeios e com informa\u00e7\u00e3o que salva.<\/p>\n<p>Antes de mergulharmos nos detalhes, deixa eu te fazer uma pergunta ret\u00f3rica: voc\u00ea sabe diferenciar uma enxaqueca comum de um alerta m\u00e9dico grave? A maioria das pessoas n\u00e3o sabe. E tudo bem, ningu\u00e9m nasce sabendo. Mas depois de ler esse artigo, voc\u00ea vai ter um &#8220;gatilho mental&#8221; que vai te fazer procurar ajuda na hora certa. A <span style=\"color:#4CAF50; font-weight:bold; text-decoration:underline;\">preven\u00e7\u00e3o meningite<\/span> come\u00e7a com conhecimento. E aqui, a gente n\u00e3o vai falar de teoria chata de biologia. Vamos falar de situa\u00e7\u00f5es reais, daquelas que acontecem no sof\u00e1 da sala, no tr\u00e2nsito ou na escola do seu filho. Porque a <span style=\"color:#2196F3; font-weight:bold; text-decoration:underline;\">meningite<\/span> n\u00e3o escolhe idade, classe social ou hor\u00e1rio. Ela simplesmente ataca.<\/p>\n<p><img data-lazyloaded=\"1\" decoding=\"async\" loading=\"lazy\" style=\"display:block; margin:auto;\" src=\"https:\/\/images.pexels.com\/photos\/11501479\/pexels-photo-11501479.jpeg?auto=compress&#038;cs=tinysrgb&#038;h=650&#038;w=940\" loading=\"lazy\" alt=\"Sinais de meningite em paciente com dor de cabe\u00e7a forte sendo avaliado por m\u00e9dico\" title=\"\"><\/p>\n<h2>O Perigo Oculto Por Tr\u00e1s de Uma Simples Dor de Cabe\u00e7a<\/h2>\n<p>Vamos ser diretos: nem toda dor de cabe\u00e7a \u00e9 meningite, obviamente. Mas toda <span style=\"color:#FF9800; font-weight:bold; text-decoration:underline;\">dor de cabe\u00e7a forte<\/span> que vem com rigidez no pesco\u00e7o \u00e9 um sinal vermelho. Pensa comigo: seu pesco\u00e7o vira uma t\u00e1bua? Voc\u00ea n\u00e3o consegue encostar o queixo no peito? Isso \u00e9 um dos <span style=\"color:#9C27B0; font-weight:bold; text-decoration:underline;\">sintomas meningite<\/span> mais espec\u00edficos que existem. Eu sei que parece algo simples, mas \u00e9 o teste caseiro mais eficaz. Outro sintoma que as pessoas ignoram \u00e9 a fotofobia \u2013 aquela sensa\u00e7\u00e3o de que a luz do celular t\u00e1 te cegando. E junto com isso, v\u00f4mitos em jato, sem n\u00e1usea pr\u00e9via. Se voc\u00ea juntar dois desses tr\u00eas itens, amigo, isso n\u00e3o \u00e9 dengue, n\u00e3o \u00e9 virose, \u00e9 um pedido de socorro do seu corpo.<\/p>\n<p>Eu lembro de uma m\u00e3e que me contou que o filho dela, de 7 anos, reclamou que a luz do quarto estava &#8220;doendo&#8221;. Ela pensou que era manha. Duas horas depois, ele teve uma convuls\u00e3o. O diagn\u00f3stico foi <span style=\"color:#4ECDC4; font-weight:bold; text-decoration:underline;\">meningite<\/span> bacteriana. A pergunta que ela me fez foi: &#8220;Por que eu n\u00e3o sabia disso antes?&#8221; E \u00e9 por isso que estou escrevendo isso agora. A informa\u00e7\u00e3o \u00e9 a primeira linha de defesa. A segunda, e mais importante, \u00e9 a <span style=\"color:#FF9F1C; font-weight:bold; text-decoration:underline;\">vacina meningite<\/span>. Voc\u00ea sabia que existe vacina para os sorogrupos A, C, W e Y? E a famosa B? Pois \u00e9, a maioria das pessoas s\u00f3 conhece a tr\u00edplice viral e acha que t\u00e1 protegida. N\u00e3o t\u00e1. Prote\u00e7\u00e3o parcial \u00e9 quase como n\u00e3o ter prote\u00e7\u00e3o nenhuma.<\/p>\n<p>Curiosamente, as estat\u00edsticas s\u00e3o assustadoras. Segundo a Organiza\u00e7\u00e3o Mundial da Sa\u00fade, a <span style=\"color:#6A0572; font-weight:bold; text-decoration:underline;\">meningite mata<\/span> cerca de 250 mil pessoas por ano no mundo. E pasme: 1 em cada 5 sobreviventes fica com sequelas permanentes, como perda auditiva, danos cerebrais ou amputa\u00e7\u00e3o de membros. Isso n\u00e3o \u00e9 piada. A bact\u00e9ria Neisseria meningitidis \u00e9 uma das mais r\u00e1pidas do corpo humano. Ela se reproduz em quest\u00e3o de horas. \u00c9 como um inc\u00eandio numa floresta seca: come\u00e7a pequeno, mas em 30 minutos j\u00e1 consumiu tudo. Pensa nessa analogia da pr\u00f3xima vez que algu\u00e9m disser que &#8220;\u00e9 s\u00f3 uma dorzinha de cabe\u00e7a&#8221;.<\/p>\n<p><img data-lazyloaded=\"1\" decoding=\"async\" loading=\"lazy\" style=\"display:block; margin:auto;\" src=\"https:\/\/images.pexels.com\/photos\/6129451\/pexels-photo-6129451.jpeg?auto=compress&#038;cs=tinysrgb&#038;h=650&#038;w=940\" loading=\"lazy\" alt=\"Aplica\u00e7\u00e3o da vacina meningite em crian\u00e7a para preven\u00e7\u00e3o meningite em cl\u00ednica\" title=\"\"><\/p>\n<h2>Meningite Bacteriana vs. Viral: Entenda a Diferen\u00e7a Que Salva Vidas<\/h2>\n<p>Agora, aqui vai uma verdade que pouca gente comenta: nem toda <span style=\"color:#4CAF50; font-weight:bold; text-decoration:underline;\">meningite<\/span> \u00e9 igual. Existe a viral, que geralmente \u00e9 mais branda, e a bacteriana, que \u00e9 a assassina silenciosa. A viral voc\u00ea trata com soro e repouso, como uma gripe forte. Mas a bacteriana \u00e9 uma emerg\u00eancia m\u00e9dica absoluta. Os <span style=\"color:#2196F3; font-weight:bold; text-decoration:underline;\">sintomas meningite<\/span> bacteriana podem surgir de repente, como um trov\u00e3o num dia ensolarado. Febre alta de 39\u00b0C, dor de cabe\u00e7a insuport\u00e1vel, manchas roxas na pele que n\u00e3o somem quando voc\u00ea pressiona o dedo. Essa \u00faltima \u00e9 conhecida como p\u00farpura fulminante. Se voc\u00ea ver isso, n\u00e3o espere o cora\u00e7\u00e3o bater mais r\u00e1pido. Chama o SAMU na hora.<\/p>\n<p>Eu sei que parece um filme de terror, mas a realidade \u00e9 mais assustadora que o cinema. Cerca de 10% dos casos de meningite bacteriana s\u00e3o fatais, mesmo com tratamento. A velocidade do tratamento define o progn\u00f3stico. Cada hora de atraso aumenta a taxa de mortalidade. E \u00e9 aqui que a <span style=\"color:#FF9800; font-weight:bold; text-decoration:underline;\">vacina meningite<\/p>\n","protected":false},"excerpt":{"rendered":"<p>Voc\u00ea j\u00e1 parou pra pensar que uma simples dor de cabe\u00e7a forte pode ser a diferen\u00e7a entre a vida e a morte? Pois \u00e9, a&#8230;<\/p>\n","protected":false},"author":1,"featured_media":2051,"comment_status":"open","ping_status":"closed","sticky":false,"template":"","format":"standard","meta":{"footnotes":""},"categories":[],"tags":[],"class_list":["post-2052","post","type-post","status-publish","format-standard","has-post-thumbnail","hentry"],"amp_enabled":true,"_links":{"self":[{"href":"https:\/\/indusherbal.com\/lang\/pt\/blog\/wp-json\/wp\/v2\/posts\/2052","targetHints":{"allow":["GET"]}}],"collection":[{"href":"https:\/\/indusherbal.com\/lang\/pt\/blog\/wp-json\/wp\/v2\/posts"}],"about":[{"href":"https:\/\/indusherbal.com\/lang\/pt\/blog\/wp-json\/wp\/v2\/types\/post"}],"author":[{"embeddable":true,"href":"https:\/\/indusherbal.com\/lang\/pt\/blog\/wp-json\/wp\/v2\/users\/1"}],"replies":[{"embeddable":true,"href":"https:\/\/indusherbal.com\/lang\/pt\/blog\/wp-json\/wp\/v2\/comments?post=2052"}],"version-history":[{"count":0,"href":"https:\/\/indusherbal.com\/lang\/pt\/blog\/wp-json\/wp\/v2\/posts\/2052\/revisions"}],"wp:featuredmedia":[{"embeddable":true,"href":"https:\/\/indusherbal.com\/lang\/pt\/blog\/wp-json\/wp\/v2\/media\/2051"}],"wp:attachment":[{"href":"https:\/\/indusherbal.com\/lang\/pt\/blog\/wp-json\/wp\/v2\/media?parent=2052"}],"wp:term":[{"taxonomy":"category","embeddable":true,"href":"https:\/\/indusherbal.com\/lang\/pt\/blog\/wp-json\/wp\/v2\/categories?post=2052"},{"taxonomy":"post_tag","embeddable":true,"href":"https:\/\/indusherbal.com\/lang\/pt\/blog\/wp-json\/wp\/v2\/tags?post=2052"}],"curies":[{"name":"wp","href":"https:\/\/api.w.org\/{rel}","templated":true}]}}