{"id":2065,"date":"2026-08-20T00:01:07","date_gmt":"2026-08-19T18:31:07","guid":{"rendered":"https:\/\/indusherbal.com\/lang\/pt\/blog\/essa-dor-de-cabeca-pode-ser-meningite-os-sinais-que-voce-ignora-e-a-vacina-que-salva\/"},"modified":"2026-08-20T00:01:07","modified_gmt":"2026-08-19T18:31:07","slug":"essa-dor-de-cabeca-pode-ser-meningite-os-sinais-que-voce-ignora-e-a-vacina-que-salva","status":"publish","type":"post","link":"https:\/\/indusherbal.com\/lang\/pt\/blog\/essa-dor-de-cabeca-pode-ser-meningite-os-sinais-que-voce-ignora-e-a-vacina-que-salva\/","title":{"rendered":"Essa Dor de Cabe\u00e7a Pode Ser Meningite? Os Sinais que Voc\u00ea Ignora (E a Vacina que Salva)"},"content":{"rendered":"<p>Voc\u00ea j\u00e1 acordou com uma <span style=\"color:#4CAF50; font-weight:bold; text-decoration:underline;\">dor de cabe\u00e7a forte<\/span> e pensou: &#8220;\u00e9 s\u00f3 estresse&#8221;? A gente vive ignorando sinais do corpo, n\u00e9? Mas e se essa dor n\u00e3o for s\u00f3 cansa\u00e7o? Vamos ser honestos: a linha entre uma enxaqueca e um problema s\u00e9rio \u00e9 bem mais fina do que parece. A pergunta que fica \u00e9: **essa dor de cabe\u00e7a pode ser meningite?**<\/p>\n<p>Eu sei, parece assustador. Mas conhecimento salva vidas, literalmente. Os <span style=\"color:#2196F3; font-weight:bold; text-decoration:underline;\">sinais de meningite<\/span> s\u00e3o sutis no come\u00e7o, e \u00e9 exatamente a\u00ed que mora o perigo. Voc\u00ea n\u00e3o precisa virar um paranoico, mas precisa saber o que observar. Hoje, a gente vai bater um papo reto sobre isso, sem enrola\u00e7\u00e3o, e claro, falar sobre a <span style=\"color:#FF9800; font-weight:bold; text-decoration:underline;\">vacina meningite<\/span> que pode te proteger.<\/p>\n<p>Imagine que sua cabe\u00e7a \u00e9 um alarme de inc\u00eandio. Se ele dispara por qualquer motivo, voc\u00ea fica irritado. Mas quando ele apita de verdade, voc\u00ea precisa agir r\u00e1pido. A meningite \u00e9 assim: um inc\u00eandio silencioso que come\u00e7a com um estalo, n\u00e3o com uma explos\u00e3o. E \u00e9 sobre esses estalos que voc\u00ea vai aprender agora.<\/p>\n<p>Eu lembro de uma vez, l\u00e1 na faculdade, um colega reclamou de dor de cabe\u00e7a por tr\u00eas dias. A gente achou que era a semana de provas. No quarto dia, ele teve convuls\u00e3o. Era meningite bacteriana. Ele sobreviveu, mas ficou com sequelas auditivas. Isso me marcou pra sempre: <i>a gente subestima o que n\u00e3o entende<\/i>.<\/p>\n<p>Ent\u00e3o, respira. Vamos decifrar juntos os c\u00f3digos que seu corpo est\u00e1 te dando. Porque, no final das contas, <span style=\"color:#9C27B0; font-weight:bold; text-decoration:underline;\">preven\u00e7\u00e3o meningite<\/span> \u00e9 mais simples do que tratar as consequ\u00eancias. E eu vou te mostrar o caminho das pedras, passo a passo.<\/p>\n<p>Primeiro, vamos falar do b\u00e1sico. O que difere uma dor comum de um sinal de alerta? N\u00e3o \u00e9 a intensidade apenas, \u00e9 o combo. Se voc\u00ea tem <span style=\"color:#4ECDC4; font-weight:bold; text-decoration:underline;\">sintomas meningite adultos<\/span> como rigidez no pesco\u00e7o, febre alta e avers\u00e3o \u00e0 luz, o sinal de alerta acende. Mas tem um detalhe: nem sempre os tr\u00eas aparecem juntos. E \u00e9 isso que engana meio mundo.<\/p>\n<p>Pensa comigo: dor de cabe\u00e7a + febre. Todo mundo j\u00e1 teve. Mas se essa dor piora quando voc\u00ea encosta o queixo no peito, isso \u00e9 um achado cl\u00e1ssico da meningite. \u00c9 um teste simples que qualquer m\u00e9dico faz, mas que voc\u00ea pode suspeitar antes. A <span style=\"color:#FF9F1C; font-weight:bold; text-decoration:underline;\">dor de cabe\u00e7a forte<\/span> que n\u00e3o passa com rem\u00e9dio comum, e piora com o movimento, merece uma liga\u00e7\u00e3o pro m\u00e9dico, ontem.<\/p>\n<p>Estat\u00edsticas? Claro que tenho. A <a href=\"https:\/\/www.who.int\/news-room\/fact-sheets\/detail\/meningitis\" target=\"_blank\" rel=\"noopener\">OMS estima que 1 em cada 10 casos de meningite bacteriana \u00e9 fatal<\/a>, e 1 em cada 5 sobreviventes fica com sequelas graves. N\u00e3o \u00e9 brincadeira. Mas aqui vai a boa not\u00edcia: existe vacina para os principais sorotipos. E n\u00e3o \u00e9 s\u00f3 pra crian\u00e7a n\u00e3o, viu? Adultos tamb\u00e9m precisam, principalmente jovens em rep\u00fablicas ou locais com aglomera\u00e7\u00e3o.<\/p>\n<p>Chega de susto. Vamos para a pr\u00e1tica. Se voc\u00ea quer se proteger, precisa entender sobre a vacina. A <span style=\"color:#4CAF50; font-weight:bold; text-decoration:underline;\">meningite vacina salva<\/span> \u00e9 real. Existem vacinas conjugadas (contra meningococos A, C, W, Y) e a prote\u00edna B. Cada uma protege contra um tipo de bact\u00e9ria. O SUS oferece a C para crian\u00e7as, mas a ACWY \u00e9 a queridinha dos adolescentes e viajantes. Sempre consulte um m\u00e9dico.<\/p>\n<p>Mas espera, antes de voc\u00ea sair correndo pro posto, vamos aos detalhes. N\u00e3o d\u00e1 pra resumir tudo em uma frase. Vamos quebrar isso em t\u00f3picos que voc\u00ea pode salvar no celular:<\/p>\n<ul>\n<li><b>Rigidez de nuca:<\/b> A pessoa n\u00e3o consegue encostar o queixo no peito.<\/li>\n<li><b>Fotofobia:<\/b> a luz incomoda absurdamente, voc\u00ea quer ficar no escuro.<\/li>\n<li><b>V\u00f4mitos em jato:<\/b> principalmente em crian\u00e7as, sem n\u00e1usea pr\u00e9via.<\/li>\n<li><b>Manchas vermelhas na pele:<\/b> que n\u00e3o somem quando pressionadas (sinal de pet\u00e9quias). Isso \u00e9 emerg\u00eancia!<\/li>\n<\/ul>\n<p>Esses s\u00e3o os sinais cl\u00e1ssicos. Mas esquece o Dr. Google pra diagnosticar. A ideia aqui \u00e9 te dar um alarme, n\u00e3o um diagn\u00f3stico. Se voc\u00ea marcar dois ou mais desses, o papo \u00e9 outro: \u00e9 ir pro hospital imediatamente. E n\u00e3o dirigir, n\u00e3o espera o tr\u00e2nsito melhorar. Chama o SAMU. Tempo \u00e9 neur\u00f4nio.<\/p>\n<p>Agora, uma sacada importante: <i>n\u00e3o ignore a vacina por medo de efeito colateral<\/i>. \u00c9 tipo recusar cinto de seguran\u00e7a por medo de ficar marcado na roupa. A <span style=\"color:#6A0572; font-weight:bold; text-decoration:underline;\">vacina meningite<\/span> \u00e9 segura. A dor no bra\u00e7o passou em um dia. A prote\u00e7\u00e3o dura anos. Eu tomei a ACWY ano passado antes de viajar e, juro, preferi isso a passar uma noite em observa\u00e7\u00e3o com suspeita da doen\u00e7a.<\/p>\n<p>E aten\u00e7\u00e3o: adolescentes s\u00e3o os maiores carreadores da bact\u00e9ria. Eles transmitem sem ficar doentes. Ent\u00e3o, se voc\u00ea tem filho nessa fase, n\u00e3o economize. A preven\u00e7\u00e3o come\u00e7a com um simples ato: a vacina. Muita gente acha que vai gastar, mas pensa no custo emocional de uma interna\u00e7\u00e3o. A conta n\u00e3o fecha.<\/p>\n<p>Agora, um exemplo real pra cravar: a Inglaterra implementou a vacina MenB no calend\u00e1rio infantil. Resultado? Queda de <b>75% nos casos dessa cepa<\/b> na popula\u00e7\u00e3o eleg\u00edvel. Ou seja, n\u00e3o \u00e9 achismo, \u00e9 evid\u00eancia. A vacina cria um escudo at\u00e9 em quem n\u00e3o tomou (efeito rebanho). Isso \u00e9 ci\u00eancia pura.<\/p>\n<p>Por fim, a pergunta que voc\u00ea ainda est\u00e1 se fazendo: &#8220;Ser\u00e1 que eu preciso me vacinar agora?&#8221; Olha, se voc\u00ea \u00e9 jovem, vai pra festas, mora em rep\u00fablica, ou viaja muito, a resposta \u00e9 sim. O risco \u00e9 baixo? \u00c9. Mas a consequ\u00eancia \u00e9 alta demais pra jogar cara ou coroa. A <span style=\"color:#FF9800; font-weight:bold; text-decoration:underline;\">preven\u00e7\u00e3o meningite<\/span> \u00e9 a jogada mais inteligente que voc\u00ea pode fazer hoje.<\/p>\n<p>Cuide de voc\u00ea. Marque uma consulta, tire suas d\u00favidas. E se voc\u00ea j\u00e1 teve contato com algu\u00e9m com suspeita, a profilaxia medicamentosa existe. \u00c9 um comprimido pra amigos e familiares pr\u00f3ximos. N\u00e3o \u00e9 picadinha, \u00e9 cuidado. N\u00e3o deixe para depois.<\/p>\n<p>E a\u00ed, ficou mais tranquilo? Espero que sim. O objetivo n\u00e3o \u00e9 te dar medo, \u00e9 te dar poder de escolha. Com informa\u00e7\u00e3o, voc\u00ea decide melhor. \ud83c\udf1f<\/p>\n<p>Se esse papo te ajudou, compartilha com aquele amigo que vive reclamando de dor de cabe\u00e7a e nunca procura um m\u00e9dico. Manda essa mat\u00e9ria pra ele. Voc\u00ea pode estar salvando uma vida <i>compartilhando esse texto<\/i>. E se ficou com alguma d\u00favida, comenta aqui embaixo que eu te respondo. Bora se cuidar! \ud83d\ude09<\/p>\n","protected":false},"excerpt":{"rendered":"<p>Voc\u00ea j\u00e1 acordou com uma dor de cabe\u00e7a forte e pensou: &#8220;\u00e9 s\u00f3 estresse&#8221;? A gente vive ignorando sinais do corpo, n\u00e9? Mas e se&#8230;<\/p>\n","protected":false},"author":1,"featured_media":2064,"comment_status":"open","ping_status":"closed","sticky":false,"template":"","format":"standard","meta":{"footnotes":""},"categories":[],"tags":[],"class_list":["post-2065","post","type-post","status-publish","format-standard","has-post-thumbnail","hentry"],"amp_enabled":true,"_links":{"self":[{"href":"https:\/\/indusherbal.com\/lang\/pt\/blog\/wp-json\/wp\/v2\/posts\/2065","targetHints":{"allow":["GET"]}}],"collection":[{"href":"https:\/\/indusherbal.com\/lang\/pt\/blog\/wp-json\/wp\/v2\/posts"}],"about":[{"href":"https:\/\/indusherbal.com\/lang\/pt\/blog\/wp-json\/wp\/v2\/types\/post"}],"author":[{"embeddable":true,"href":"https:\/\/indusherbal.com\/lang\/pt\/blog\/wp-json\/wp\/v2\/users\/1"}],"replies":[{"embeddable":true,"href":"https:\/\/indusherbal.com\/lang\/pt\/blog\/wp-json\/wp\/v2\/comments?post=2065"}],"version-history":[{"count":0,"href":"https:\/\/indusherbal.com\/lang\/pt\/blog\/wp-json\/wp\/v2\/posts\/2065\/revisions"}],"wp:featuredmedia":[{"embeddable":true,"href":"https:\/\/indusherbal.com\/lang\/pt\/blog\/wp-json\/wp\/v2\/media\/2064"}],"wp:attachment":[{"href":"https:\/\/indusherbal.com\/lang\/pt\/blog\/wp-json\/wp\/v2\/media?parent=2065"}],"wp:term":[{"taxonomy":"category","embeddable":true,"href":"https:\/\/indusherbal.com\/lang\/pt\/blog\/wp-json\/wp\/v2\/categories?post=2065"},{"taxonomy":"post_tag","embeddable":true,"href":"https:\/\/indusherbal.com\/lang\/pt\/blog\/wp-json\/wp\/v2\/tags?post=2065"}],"curies":[{"name":"wp","href":"https:\/\/api.w.org\/{rel}","templated":true}]}}